{"id":15267,"date":"2024-02-08T08:57:18","date_gmt":"2024-02-08T06:57:18","guid":{"rendered":"https:\/\/cambiodelona.com\/?p=15267"},"modified":"2024-02-25T20:01:53","modified_gmt":"2024-02-25T18:01:53","slug":"markisenstoff-sauleda-2022-caramel","status":"publish","type":"post","link":"https:\/\/cambiodelona.com\/de\/markisenstoff-sauleda-2022-caramel\/","title":{"rendered":"Markisenstoff Sauleda 2022 Caramel"},"content":{"rendered":"\t\t<div data-elementor-type=\"wp-post\" data-elementor-id=\"15267\" class=\"elementor elementor-15267 elementor-15245\">\n\t\t\t\t\t\t<section class=\"elementor-section elementor-top-section elementor-element elementor-element-c9539e7 elementor-section-boxed elementor-section-height-default elementor-section-height-default\" data-id=\"c9539e7\" data-element_type=\"section\" data-e-type=\"section\">\n\t\t\t\t\t\t<div class=\"elementor-container elementor-column-gap-default\">\n\t\t\t\t\t<div class=\"elementor-column elementor-col-100 elementor-top-column elementor-element elementor-element-7895d438\" data-id=\"7895d438\" data-element_type=\"column\" data-e-type=\"column\">\n\t\t\t<div class=\"elementor-widget-wrap elementor-element-populated\">\n\t\t\t\t\t\t<div class=\"elementor-element elementor-element-4f9d43ad elementor-widget elementor-widget-text-editor\" data-id=\"4f9d43ad\" data-element_type=\"widget\" data-e-type=\"widget\" data-widget_type=\"text-editor.default\">\n\t\t\t\t<div class=\"elementor-widget-container\">\n\t\t\t\t\t\t\t\t\t<h1 id=\"h-lona-para-toldo-sauleda-2926-natural\" class=\"wp-block-heading\">Markisenstoff Sauleda 2022 Caramel<\/h1>\n<p class=\"text-body font-regular text-gray-800 leading-[24px] pt-[9px] pb-[2px]\" dir=\"ltr\">Die Karamellfarbe ist ein mittelbrauner Farbton mit einem Hauch von Bernstein und Gold.. <br \/>Es kann leicht durch den Karamellisierungsprozess des Zuckers gewonnen werden, bei dem er karamellisiert und diese so gesch\u00e4tzte Farbe erzeugt, die durch seinen s\u00fc\u00dfen Geschmack repr\u00e4sentiert wird. <br \/>Obwohl es nicht so lebhaft wie andere warme Farben ist, l\u00e4sst sich Karamell au\u00dfergew\u00f6hnlich gut mit Grundt\u00f6nen wie Schwarz und Wei\u00df kombinieren.<\/p>\n<p class=\"text-body font-regular text-gray-800 leading-[24px] pt-[9px] pb-[2px]\" dir=\"ltr\">Eine Markisentoff mit einem karamellfarbenen Ton auf einem Sonnenschutz beh\u00e4lt aufgrund ihres mittleren Tons l\u00e4nger ein neuwertiges Aussehen, w\u00e4hrend ein Gewebe mit helleren Farben schneller altert. Au\u00dferdem ruft die Farbe Karamell Gef\u00fchle von W\u00e4rme und Gem\u00fctlichkeit hervor, was sie perfekt f\u00fcr die Dekoration von Innenr\u00e4umen macht. Es kann an W\u00e4nden, Accessoires oder M\u00f6beln verwendet werden, um jedem Raum eine gem\u00fctliche Note zu verleihen.<\/p>\n<p class=\"text-body font-regular text-gray-800 leading-[24px] pt-[9px] pb-[2px]\" dir=\"ltr\">Der Karamellton wird auch mit der Natur in Verbindung gebracht, da er auf erdige und organische Farbt\u00f6ne verweist. Daher ist es eine hervorragende Option, um im Freien wie Innenh\u00f6fen oder G\u00e4rten eingesetzt zu werden. Sie k\u00f6nnen diese Farbe in Holzm\u00f6bel oder Terrakotta-Accessoires integrieren, um eine rustikale und entspannende Atmosph\u00e4re zu schaffen.<\/p>\n<p class=\"text-body font-regular text-gray-800 leading-[24px] pt-[9px] pb-[2px]\" dir=\"ltr\"><img decoding=\"async\" class=\"wp-image-400 size-full aligncenter\" style=\"width: 719px; height: auto;\" src=\"https:\/\/cambiodelona.com\/wp-content\/uploads\/2023\/04\/2022-CARAMEL-r.jpg\" alt=\"marron brown braun\" width=\"185\" height=\"104\"><\/p>\n<h2> <\/h2>\n<h2 id=\"h-solar-pro-proteccion-solar-de-calidad\" class=\"wp-block-heading\"><strong>Solar Pro: Qualit\u00e4ts-Sonnenschutz<\/strong><\/h2>\n<p>Die Sauleda 2022 Caramel Markisenstoff ist Teil der Produktpalette <a href=\"https:\/\/www.sauleda.com\/workspace\/uploads\/pdf\/pocket_ng_web_020120-es-1578054403.pdf\">Solar Pro de Sauleda<\/a>.<br \/>Solar Pro ist die ideale L\u00f6sung, um einen optimalen Sonnenschutz zu gew\u00e4hrleisten und gleichzeitig einen Hauch von Design in Ihren Au\u00dfenbereich zu bringen. Es besteht zu 100 % aus l\u00f6sungsgef\u00e4rbtem Acrylgewebe und bietet au\u00dfergew\u00f6hnliche Farbechtheit und UV-Best\u00e4ndigkeit.<\/p>\n<p>Einer der Vorteile des Solar Pro-Stoffen ist seine Haltbarkeit. Dank der Tiefenf\u00e4rbung beh\u00e4lt der Stoff seine urspr\u00fcngliche Farbe und widersteht im Laufe der Zeit den sch\u00e4dlichen Auswirkungen der Witterung. Er ist auf eine lange Lebensdauer ausgelegt und gew\u00e4hrleistet einen soliden und zuverl\u00e4ssigen Schutz.<\/p>\n<p>Mit \u00fcber 120 verf\u00fcgbaren soliden Farben erm\u00f6glicht Ihnen der Solar Pro-Stoff, Ihren Au\u00dfenbereich nach Ihren Vorlieben und Bed\u00fcrfnissen anzupassen. Ob Sie nach lebendigen und modernen Farben oder dezenteren T\u00f6nen suchen, Sie finden sicherlich die Option, die zu Ihrem Stil passt. <\/p>\n<p>Das Solar Pro-Gewebe beschr\u00e4nkt sich nicht nur auf Sonnenschutz. Es bietet auch einen hervorragenden W\u00e4rmeschutz, der es Ihnen erm\u00f6glicht, auch an den hei\u00dfesten Tagen eine angenehme und komfortable Umgebung zu schaffen. Es blockiert effektiv UV-Strahlen und erm\u00f6glicht gleichzeitig eine angemessene Lichtdurchl\u00e4ssigkeit f\u00fcr optimalen visuellen Komfort.  <\/p>\n<p>Bei der Auswahl des Solar Pro-Gewebes von der Marke Sauleda profitieren Sie von der Qualit\u00e4t und Erfahrung einer anerkannten Marke. Sauleda bietet die umfangreichste Palette an Geweben f\u00fcr den Sonnenschutz und stellt sicher, dass Sie die perfekte L\u00f6sung f\u00fcr Ihre Bed\u00fcrfnisse finden werden. <\/p>\n<p>Z\u00f6gern Sie nicht, sich f\u00fcr das Solar Pro-Gewebe zu entscheiden und genie\u00dfen Sie erstklassigen Sonnenschutz sowie attraktives und langlebiges Design. Schaffen Sie einzigartige und inspirierende Au\u00dfenr\u00e4ume mit den Sauleda-Stoffen. <\/p>\n<h2 id=\"h-caracteristicas-de-la-lona-para-toldo-sauleda-2926-natural\" class=\"wp-block-heading\"><strong>Eigenschaften der Markisenstoff Sauleda 2022 Caramel<\/strong><\/h2>\n<p class=\"has-medium-font-size\"><strong>Kollektion<\/strong>: MASACRIL (Acryl) <strong>Design<\/strong>: Einfarbig<\/p>\n<p class=\"has-medium-font-size\">Masacril\u00ae 100% Acryl gef\u00e4rbt in der Masse<\/p>\n<p class=\"has-medium-font-size\"><strong>Ausf\u00fchrung <\/strong>: Sauleda Fabric-Protect<\/p>\n<p class=\"has-medium-font-size\"><strong>Garantie <\/strong>: <a href=\"https:\/\/www.sauleda.com\/workspace\/uploads\/pdf\/es-garantia-solar-pro-es-1421402446.pdf\">10 Jahre<\/a><\/p>\n<h2 id=\"h-aspecto-tecnico-de-la-lona-para-toldo-sauleda-2926-natural\" class=\"wp-block-heading\"><strong>Technischer Aspekt der Markisenstoff <strong>Sauleda 2022 Caramel<\/strong><\/strong><\/h2>\n<figure class=\"wp-block-table\">\n<table>\n<tbody>\n<tr>\n<td><strong><u>St\u00fcck (Rolle):<\/u><\/strong><\/td>\n<td><strong><u>Stoff:<\/u><\/strong><\/td>\n<\/tr>\n<tr>\n<td><strong>Breite: <\/strong>120 cm.<\/td>\n<td><strong>Gewicht:<\/strong> 300 gr\/m2<\/td>\n<\/tr>\n<tr>\n<td><strong>L\u00e4nge:<\/strong> 60 m.<\/td>\n<td><strong>Dicke: <\/strong>0,60 mm<\/td>\n<\/tr>\n<\/tbody>\n<\/table>\n<\/figure>\n<figure class=\"wp-block-table\">\n<table>\n<tbody>\n<tr>\n<td><strong>UV-Schutzfaktor<\/strong><\/td>\n<td><strong>Gtot Ext.<\/strong><\/td>\n<td><strong>Gtot Int.<\/strong><\/td>\n<td><strong>GTOT Solarfaktor insgesamt<\/strong><\/td>\n<td><strong>Solare \u00dcbertragung<\/strong><\/td>\n<td><strong>Solare Reflexion<\/strong><\/td>\n<td><strong>Solare Absorption<\/strong><\/td>\n<td><strong>Thermischer Komfort<\/strong><\/td>\n<td><strong>Lichttransmission<\/strong><\/td>\n<td><strong>Visueller Komfort<\/strong><\/td>\n<\/tr>\n<tr>\n<td><strong>60<\/strong><\/td>\n<td> <\/td>\n<td> <\/td>\n<td><strong>0,13<\/strong><\/td>\n<td><strong>16,70<\/strong><\/td>\n<td>41,40<\/td>\n<td>41,90<\/td>\n<td><strong>3<\/strong><\/td>\n<td><strong>6,00<\/strong><\/td>\n<td><strong>3<\/strong><\/td>\n<\/tr>\n<\/tbody>\n<\/table>\n<\/figure>\n<h2 id=\"h-detalle-de-color-de-la-lona-para-toldo-sauleda-2926-natural\" class=\"wp-block-heading\"><strong>Farbdetail der Markisenstoff Sauleda 2022 Caramel<\/strong><\/h2>\n<p class=\"has-text-align-center has-large-font-size\"><strong>RAL: &#8212; <\/strong><strong>Pantone: <\/strong>&#8212; <strong>NCS: <\/strong>&#8212;<\/p>\n<figure class=\"wp-block-image aligncenter size-full is-resized\"><\/figure>\n<figure class=\"wp-block-gallery alignleft has-nested-images columns-default is-cropped\"><\/figure>\n<p>Es gibt keine RAL-Farbcode f\u00fcr die Farbe Creme, was bedeutet, dass es von Hersteller zu Hersteller leicht variieren kann. Die Bestimmung der Pantone- und NCS-Werte ist eine Herausforderung, da es sich um eine Mischung von Farben handelt, die ihr einen bestimmten Ton verleiht, abh\u00e4ngig von den Herstellern. <\/p>\n<h2 id=\"h-equivalencia-exacta-de-la-lona-para-toldo-sauleda-2926-natural-entre-fabricantes\" class=\"wp-block-heading\"><strong>Exakte \u00c4quivalenz der <strong>Sauleda 2022 Caramel Markisenstoff<\/strong><\/strong> <strong>Leinwand zwischen Herstellern.<\/strong><\/h2>\n<figure class=\"wp-block-table\">\n<table>\n<tbody>\n<tr>\n<td><strong>Sauleda<\/strong><\/td>\n<td><strong>Recasens<\/strong><\/td>\n<td><strong>Dickson<\/strong><\/td>\n<\/tr>\n<tr>\n<td>&#8211;<\/td>\n<td>&#8211;<\/td>\n<td>&#8211;<\/td>\n<\/tr>\n<\/tbody>\n<\/table>\n<\/figure>\n<h2 id=\"h-similitud-en-otra-gama-y-otro-fabricante-de-la-lona-para-toldo-sauleda-2926-natural\" class=\"wp-block-heading\"><strong>\u00c4hnlichkeit in einer anderen Palette und einem anderen Hersteller f\u00fcr die Markisenstoff Sauleda 2022 Caramel<\/strong><\/h2>\n<figure class=\"wp-block-table\">\n<table>\n<tbody>\n<tr>\n<td><strong>Solrain Impermeable<\/strong><\/td>\n<td><strong>Tandem<\/strong><\/td>\n<td><strong>Green<\/strong><\/td>\n<td><strong>Max (impermeable)<\/strong><\/td>\n<td><strong>Recacril System<\/strong> <strong>(impermeable)<\/strong><\/td>\n<\/tr>\n<tr>\n<td>&#8211;<\/td>\n<td>&#8211;<\/td>\n<td>&#8211;<\/td>\n<td>&#8211;<\/td>\n<td>&#8211;<\/td>\n<\/tr>\n<\/tbody>\n<\/table>\n<\/figure>\n<h2 id=\"h-confecciones-a-medida\" class=\"wp-block-heading\"><strong>Ma\u00dfgeschneiderte Markisenstoffe<\/strong><\/h2>\n<p>Holen Sie sich den perfekten Markisenstoff mit den genauen Ma\u00dfen, die Sie ben\u00f6tigen. <br \/>Nutzen Sie unsere benutzerfreundlichen Konfiguratoren und \u00fcberlassen Sie uns die Fertigung.<\/p>\n<h3 id=\"h-accede-a-los-diferentes-configuradores\" class=\"wp-block-heading has-text-align-center has-x-large-font-size\"><strong>Zugang zu den verschiedenen Konfiguratoren<\/strong><\/h3>\n<div class=\"wp-block-buttons\">\n<div class=\"wp-block-button has-custom-width wp-block-button__width-25 has-custom-font-size has-medium-font-size\"><a class=\"wp-block-button__link has-black-color has-luminous-vivid-amber-background-color has-text-color has-background has-link-color wp-element-button\" style=\"padding: var(--wp--preset--spacing--40) var(--wp--preset--spacing--30) var(--wp--preset--spacing--40) var(--wp--preset--spacing--30);\" href=\"https:\/\/cambiodelona.com\/de\/producto\/markisenstoff\/\"><strong>Markisenstoff <\/strong><\/a><\/div>\n<div class=\"wp-block-button has-custom-width wp-block-button__width-25 has-custom-font-size has-medium-font-size\"><a class=\"wp-block-button__link has-black-color has-luminous-vivid-amber-background-color has-text-color has-background has-link-color wp-element-button\" style=\"padding: var(--wp--preset--spacing--40) var(--wp--preset--spacing--30) var(--wp--preset--spacing--40) var(--wp--preset--spacing--30);\" href=\"https:\/\/cambiodelona.com\/de\/producto\/volant-allein\/\"><strong>Volant allein<\/strong><\/a><\/div>\n<div class=\"wp-block-button has-custom-width wp-block-button__width-25 has-custom-font-size has-medium-font-size\"><a class=\"wp-block-button__link has-black-color has-luminous-vivid-amber-background-color has-text-color has-background has-link-color wp-element-button\" style=\"padding: var(--wp--preset--spacing--40) var(--wp--preset--spacing--30) var(--wp--preset--spacing--40) var(--wp--preset--spacing--30);\" href=\"https:\/\/cambiodelona.com\/de\/producto\/balkon-sichtschutz\/\"><strong>Balkon-Sichtschutz<\/strong><\/a><\/div>\n<div class=\"wp-block-button has-custom-width wp-block-button__width-25 has-custom-font-size has-medium-font-size\"><a class=\"wp-block-button__link has-black-color has-luminous-vivid-amber-background-color has-text-color has-background has-link-color wp-element-button\" style=\"padding: var(--wp--preset--spacing--40) var(--wp--preset--spacing--30) var(--wp--preset--spacing--40) var(--wp--preset--spacing--30);\" href=\"https:\/\/cambiodelona.com\/de\/producto\/meine-stoff-fur-pergola\/\"><strong>Stoff f\u00fcr die Pergola<\/strong><\/a><\/div>\n<\/div>\n<h2> <\/h2>\n<h2> <\/h2>\n<h2 class=\"wp-block-heading\"><strong>Brauchen Sie Hilfe? Kontaktieren Sie uns! <\/strong><\/h2>\n<p>Wir sind hier, um alle Ihre Fragen zu unseren Produkten zu beantworten.<br \/>Egal, ob es um Informationen, ein Angebot oder technische Unterst\u00fctzung geht, z\u00f6gern Sie nicht, uns zu kontaktieren.<\/p>\n<p>Wir reagieren so schnell wie m\u00f6glich auf alle Ihre Anfragen und bieten Ihnen einen Qualit\u00e4tsservice.<\/p>\n<p>Sie k\u00f6nnen uns eine WhatsApp an <strong>(0034) 609825961<\/strong> schicken oder uns eine E-Mail an <a href=\"mailto:web@cambiodelona.com\">web@meinmarkisenstoff.com<\/a> schicken.<br \/>Sie k\u00f6nnen uns auch \u00fcber <strong>unseren<\/strong> <strong>Live-Chat<\/strong> erreichen.<\/p>\n<h2 class=\"wp-block-heading has-text-align-center\"><strong>(0034) 609825961<\/strong><\/h2>\n<h2 class=\"wp-block-heading has-text-align-center\"><a href=\"mailto:web@cambiodelona.com\">web@meinmarkisenstoff.com<\/a><\/h2>\n<figure class=\"wp-block-image aligncenter size-large is-resized\"><img fetchpriority=\"high\" decoding=\"async\" width=\"1024\" height=\"635\" class=\"wp-image-14887\" style=\"width: 590px; height: auto;\" src=\"https:\/\/cambiodelona.com\/wp-content\/uploads\/2023\/11\/Transparente-1024x635.png\" alt=\"\" srcset=\"https:\/\/cambiodelona.com\/wp-content\/uploads\/2023\/11\/Transparente-1024x635.png 1024w, https:\/\/cambiodelona.com\/wp-content\/uploads\/2023\/11\/Transparente-300x186.png 300w, https:\/\/cambiodelona.com\/wp-content\/uploads\/2023\/11\/Transparente-768x476.png 768w, https:\/\/cambiodelona.com\/wp-content\/uploads\/2023\/11\/Transparente-1536x952.png 1536w, https:\/\/cambiodelona.com\/wp-content\/uploads\/2023\/11\/Transparente-2048x1269.png 2048w, https:\/\/cambiodelona.com\/wp-content\/uploads\/2023\/11\/Transparente-600x372.png 600w\" sizes=\"(max-width: 1024px) 100vw, 1024px\" \/><\/figure>\n\t\t\t\t\t\t\t\t<\/div>\n\t\t\t\t<\/div>\n\t\t\t\t\t<\/div>\n\t\t<\/div>\n\t\t\t\t\t<\/div>\n\t\t<\/section>\n\t\t\t\t<\/div>\n\t\t","protected":false},"excerpt":{"rendered":"<p>Markisenstoff Sauleda 2022 Caramel<\/p>\n","protected":false},"author":1,"featured_media":9072,"comment_status":"closed","ping_status":"closed","sticky":false,"template":"","format":"standard","meta":{"site-sidebar-layout":"default","site-content-layout":"default","ast-global-header-display":"","ast-main-header-display":"","ast-hfb-above-header-display":"","ast-hfb-below-header-display":"","ast-hfb-mobile-header-display":"","site-post-title":"disabled","ast-breadcrumbs-content":"","ast-featured-img":"","footer-sml-layout":"","theme-transparent-header-meta":"","adv-header-id-meta":"","stick-header-meta":"","header-above-stick-meta":"","header-main-stick-meta":"","header-below-stick-meta":"","footnotes":""},"categories":[97],"tags":[],"class_list":["post-15267","post","type-post","status-publish","format-standard","has-post-thumbnail","hentry","category-technische-spezifikationen"],"yoast_head":"<!-- This site is optimized with the Yoast SEO Premium plugin v21.2 (Yoast SEO v21.2) - https:\/\/yoast.com\/wordpress\/plugins\/seo\/ -->\n<title>Markisenstoff Sauleda 2022 Caramel<\/title>\n<meta name=\"description\" content=\"Markisenstoff Sauleda 2022 Caramel. Technische Aspekte, Farbdetails, exakte Gleichwertigkeit zwischen den Herstellern oder \u00c4hnlichkeiten. Erforschen !\" \/>\n<meta name=\"robots\" content=\"index, follow, max-snippet:-1, max-image-preview:large, max-video-preview:-1\" \/>\n<link rel=\"canonical\" href=\"https:\/\/cambiodelona.com\/de\/markisenstoff-sauleda-2022-caramel\/\" \/>\n<meta property=\"og:locale\" content=\"de_DE\" \/>\n<meta property=\"og:type\" content=\"article\" \/>\n<meta property=\"og:title\" content=\"Markisenstoff Sauleda 2022 Caramel\" \/>\n<meta property=\"og:description\" content=\"Markisenstoff Sauleda 2022 Caramel. Technische Aspekte, Farbdetails, exakte Gleichwertigkeit zwischen den Herstellern oder \u00c4hnlichkeiten. Erforschen !\" \/>\n<meta property=\"og:url\" content=\"https:\/\/cambiodelona.com\/de\/markisenstoff-sauleda-2022-caramel\/\" \/>\n<meta property=\"og:site_name\" content=\"Cambiodelona\" \/>\n<meta property=\"article:publisher\" content=\"https:\/\/www.facebook.com\/cambiodelona.web\" \/>\n<meta property=\"article:published_time\" content=\"2024-02-08T06:57:18+00:00\" \/>\n<meta property=\"article:modified_time\" content=\"2024-02-25T18:01:53+00:00\" \/>\n<meta property=\"og:image\" content=\"https:\/\/cambiodelona.com\/wp-content\/uploads\/2023\/04\/2022-CARAMEL-r.jpg\" \/>\n\t<meta property=\"og:image:width\" content=\"185\" \/>\n\t<meta property=\"og:image:height\" content=\"104\" \/>\n\t<meta property=\"og:image:type\" content=\"image\/jpeg\" \/>\n<meta name=\"author\" content=\"admin\" \/>\n<meta name=\"twitter:card\" content=\"summary_large_image\" \/>\n<meta name=\"twitter:label1\" content=\"Verfasst von\" \/>\n\t<meta name=\"twitter:data1\" content=\"admin\" \/>\n\t<meta name=\"twitter:label2\" content=\"Gesch\u00e4tzte Lesezeit\" \/>\n\t<meta name=\"twitter:data2\" content=\"4\u00a0Minuten\" \/>\n<script type=\"application\/ld+json\" class=\"yoast-schema-graph\">{\"@context\":\"https:\/\/schema.org\",\"@graph\":[{\"@type\":\"Article\",\"@id\":\"https:\/\/cambiodelona.com\/de\/markisenstoff-sauleda-2022-caramel\/#article\",\"isPartOf\":{\"@id\":\"https:\/\/cambiodelona.com\/de\/markisenstoff-sauleda-2022-caramel\/\"},\"author\":{\"name\":\"admin\",\"@id\":\"https:\/\/cambiodelona.com\/#\/schema\/person\/50a2db2af44e53e57f8cd578dba56b2b\"},\"headline\":\"Markisenstoff Sauleda 2022 Caramel\",\"datePublished\":\"2024-02-08T06:57:18+00:00\",\"dateModified\":\"2024-02-25T18:01:53+00:00\",\"mainEntityOfPage\":{\"@id\":\"https:\/\/cambiodelona.com\/de\/markisenstoff-sauleda-2022-caramel\/\"},\"wordCount\":785,\"publisher\":{\"@id\":\"https:\/\/cambiodelona.com\/#organization\"},\"articleSection\":[\"Technische Spezifikationen\"],\"inLanguage\":\"de\"},{\"@type\":\"WebPage\",\"@id\":\"https:\/\/cambiodelona.com\/de\/markisenstoff-sauleda-2022-caramel\/\",\"url\":\"https:\/\/cambiodelona.com\/de\/markisenstoff-sauleda-2022-caramel\/\",\"name\":\"Markisenstoff Sauleda 2022 Caramel\",\"isPartOf\":{\"@id\":\"https:\/\/cambiodelona.com\/#website\"},\"datePublished\":\"2024-02-08T06:57:18+00:00\",\"dateModified\":\"2024-02-25T18:01:53+00:00\",\"description\":\"Markisenstoff Sauleda 2022 Caramel. Technische Aspekte, Farbdetails, exakte Gleichwertigkeit zwischen den Herstellern oder \u00c4hnlichkeiten. Erforschen !\",\"breadcrumb\":{\"@id\":\"https:\/\/cambiodelona.com\/de\/markisenstoff-sauleda-2022-caramel\/#breadcrumb\"},\"inLanguage\":\"de\",\"potentialAction\":[{\"@type\":\"ReadAction\",\"target\":[\"https:\/\/cambiodelona.com\/de\/markisenstoff-sauleda-2022-caramel\/\"]}]},{\"@type\":\"BreadcrumbList\",\"@id\":\"https:\/\/cambiodelona.com\/de\/markisenstoff-sauleda-2022-caramel\/#breadcrumb\",\"itemListElement\":[{\"@type\":\"ListItem\",\"position\":1,\"name\":\"Portada\",\"item\":\"https:\/\/cambiodelona.com\/\"},{\"@type\":\"ListItem\",\"position\":2,\"name\":\"Markisenstoff Sauleda 2022 Caramel\"}]},{\"@type\":\"WebSite\",\"@id\":\"https:\/\/cambiodelona.com\/#website\",\"url\":\"https:\/\/cambiodelona.com\/\",\"name\":\"Cambiodelona.com\",\"description\":\"Nuevo portal especializado en la venta en l\u00ednea de productos confeccionados a medida para todo tipo de sistemas de protecci\u00f3n solar\",\"publisher\":{\"@id\":\"https:\/\/cambiodelona.com\/#organization\"},\"alternateName\":\"Cambio de lona\",\"potentialAction\":[{\"@type\":\"SearchAction\",\"target\":{\"@type\":\"EntryPoint\",\"urlTemplate\":\"https:\/\/cambiodelona.com\/?s={search_term_string}\"},\"query-input\":\"required name=search_term_string\"}],\"inLanguage\":\"de\"},{\"@type\":\"Organization\",\"@id\":\"https:\/\/cambiodelona.com\/#organization\",\"name\":\"Cambio de lona S. L.\",\"url\":\"https:\/\/cambiodelona.com\/\",\"logo\":{\"@type\":\"ImageObject\",\"inLanguage\":\"de\",\"@id\":\"https:\/\/cambiodelona.com\/#\/schema\/logo\/image\/\",\"url\":\"https:\/\/cambiodelona.com\/wp-content\/uploads\/2024\/09\/cambiodelona-logo.png\",\"contentUrl\":\"https:\/\/cambiodelona.com\/wp-content\/uploads\/2024\/09\/cambiodelona-logo.png\",\"width\":800,\"height\":439,\"caption\":\"Cambio de lona S. L.\"},\"image\":{\"@id\":\"https:\/\/cambiodelona.com\/#\/schema\/logo\/image\/\"},\"sameAs\":[\"https:\/\/www.facebook.com\/cambiodelona.web\",\"https:\/\/www.instagram.com\/cambiodelona\/\"]},{\"@type\":\"Person\",\"@id\":\"https:\/\/cambiodelona.com\/#\/schema\/person\/50a2db2af44e53e57f8cd578dba56b2b\",\"name\":\"admin\",\"image\":{\"@type\":\"ImageObject\",\"inLanguage\":\"de\",\"@id\":\"https:\/\/cambiodelona.com\/#\/schema\/person\/image\/\",\"url\":\"https:\/\/secure.gravatar.com\/avatar\/393c5803ba9895ff75788a5b7fd5089b?s=96&d=mm&r=g\",\"contentUrl\":\"https:\/\/secure.gravatar.com\/avatar\/393c5803ba9895ff75788a5b7fd5089b?s=96&d=mm&r=g\",\"caption\":\"admin\"},\"sameAs\":[\"https:\/\/toldos.arizonecrm.com\"],\"url\":\"https:\/\/cambiodelona.com\/de\/author\/sistemas_g91t1ntg\/\"}]}<\/script>\n<!-- \/ Yoast SEO Premium plugin. -->","yoast_head_json":{"title":"Markisenstoff Sauleda 2022 Caramel","description":"Markisenstoff Sauleda 2022 Caramel. Technische Aspekte, Farbdetails, exakte Gleichwertigkeit zwischen den Herstellern oder \u00c4hnlichkeiten. Erforschen !","robots":{"index":"index","follow":"follow","max-snippet":"max-snippet:-1","max-image-preview":"max-image-preview:large","max-video-preview":"max-video-preview:-1"},"canonical":"https:\/\/cambiodelona.com\/de\/markisenstoff-sauleda-2022-caramel\/","og_locale":"de_DE","og_type":"article","og_title":"Markisenstoff Sauleda 2022 Caramel","og_description":"Markisenstoff Sauleda 2022 Caramel. Technische Aspekte, Farbdetails, exakte Gleichwertigkeit zwischen den Herstellern oder \u00c4hnlichkeiten. Erforschen !","og_url":"https:\/\/cambiodelona.com\/de\/markisenstoff-sauleda-2022-caramel\/","og_site_name":"Cambiodelona","article_publisher":"https:\/\/www.facebook.com\/cambiodelona.web","article_published_time":"2024-02-08T06:57:18+00:00","article_modified_time":"2024-02-25T18:01:53+00:00","og_image":[{"width":185,"height":104,"url":"https:\/\/cambiodelona.com\/wp-content\/uploads\/2023\/04\/2022-CARAMEL-r.jpg","type":"image\/jpeg"}],"author":"admin","twitter_card":"summary_large_image","twitter_misc":{"Verfasst von":"admin","Gesch\u00e4tzte Lesezeit":"4\u00a0Minuten"},"schema":{"@context":"https:\/\/schema.org","@graph":[{"@type":"Article","@id":"https:\/\/cambiodelona.com\/de\/markisenstoff-sauleda-2022-caramel\/#article","isPartOf":{"@id":"https:\/\/cambiodelona.com\/de\/markisenstoff-sauleda-2022-caramel\/"},"author":{"name":"admin","@id":"https:\/\/cambiodelona.com\/#\/schema\/person\/50a2db2af44e53e57f8cd578dba56b2b"},"headline":"Markisenstoff Sauleda 2022 Caramel","datePublished":"2024-02-08T06:57:18+00:00","dateModified":"2024-02-25T18:01:53+00:00","mainEntityOfPage":{"@id":"https:\/\/cambiodelona.com\/de\/markisenstoff-sauleda-2022-caramel\/"},"wordCount":785,"publisher":{"@id":"https:\/\/cambiodelona.com\/#organization"},"articleSection":["Technische Spezifikationen"],"inLanguage":"de"},{"@type":"WebPage","@id":"https:\/\/cambiodelona.com\/de\/markisenstoff-sauleda-2022-caramel\/","url":"https:\/\/cambiodelona.com\/de\/markisenstoff-sauleda-2022-caramel\/","name":"Markisenstoff Sauleda 2022 Caramel","isPartOf":{"@id":"https:\/\/cambiodelona.com\/#website"},"datePublished":"2024-02-08T06:57:18+00:00","dateModified":"2024-02-25T18:01:53+00:00","description":"Markisenstoff Sauleda 2022 Caramel. Technische Aspekte, Farbdetails, exakte Gleichwertigkeit zwischen den Herstellern oder \u00c4hnlichkeiten. Erforschen !","breadcrumb":{"@id":"https:\/\/cambiodelona.com\/de\/markisenstoff-sauleda-2022-caramel\/#breadcrumb"},"inLanguage":"de","potentialAction":[{"@type":"ReadAction","target":["https:\/\/cambiodelona.com\/de\/markisenstoff-sauleda-2022-caramel\/"]}]},{"@type":"BreadcrumbList","@id":"https:\/\/cambiodelona.com\/de\/markisenstoff-sauleda-2022-caramel\/#breadcrumb","itemListElement":[{"@type":"ListItem","position":1,"name":"Portada","item":"https:\/\/cambiodelona.com\/"},{"@type":"ListItem","position":2,"name":"Markisenstoff Sauleda 2022 Caramel"}]},{"@type":"WebSite","@id":"https:\/\/cambiodelona.com\/#website","url":"https:\/\/cambiodelona.com\/","name":"Cambiodelona.com","description":"Nuevo portal especializado en la venta en l\u00ednea de productos confeccionados a medida para todo tipo de sistemas de protecci\u00f3n solar","publisher":{"@id":"https:\/\/cambiodelona.com\/#organization"},"alternateName":"Cambio de lona","potentialAction":[{"@type":"SearchAction","target":{"@type":"EntryPoint","urlTemplate":"https:\/\/cambiodelona.com\/?s={search_term_string}"},"query-input":"required name=search_term_string"}],"inLanguage":"de"},{"@type":"Organization","@id":"https:\/\/cambiodelona.com\/#organization","name":"Cambio de lona S. L.","url":"https:\/\/cambiodelona.com\/","logo":{"@type":"ImageObject","inLanguage":"de","@id":"https:\/\/cambiodelona.com\/#\/schema\/logo\/image\/","url":"https:\/\/cambiodelona.com\/wp-content\/uploads\/2024\/09\/cambiodelona-logo.png","contentUrl":"https:\/\/cambiodelona.com\/wp-content\/uploads\/2024\/09\/cambiodelona-logo.png","width":800,"height":439,"caption":"Cambio de lona S. L."},"image":{"@id":"https:\/\/cambiodelona.com\/#\/schema\/logo\/image\/"},"sameAs":["https:\/\/www.facebook.com\/cambiodelona.web","https:\/\/www.instagram.com\/cambiodelona\/"]},{"@type":"Person","@id":"https:\/\/cambiodelona.com\/#\/schema\/person\/50a2db2af44e53e57f8cd578dba56b2b","name":"admin","image":{"@type":"ImageObject","inLanguage":"de","@id":"https:\/\/cambiodelona.com\/#\/schema\/person\/image\/","url":"https:\/\/secure.gravatar.com\/avatar\/393c5803ba9895ff75788a5b7fd5089b?s=96&d=mm&r=g","contentUrl":"https:\/\/secure.gravatar.com\/avatar\/393c5803ba9895ff75788a5b7fd5089b?s=96&d=mm&r=g","caption":"admin"},"sameAs":["https:\/\/toldos.arizonecrm.com"],"url":"https:\/\/cambiodelona.com\/de\/author\/sistemas_g91t1ntg\/"}]}},"_links":{"self":[{"href":"https:\/\/cambiodelona.com\/de\/wp-json\/wp\/v2\/posts\/15267","targetHints":{"allow":["GET"]}}],"collection":[{"href":"https:\/\/cambiodelona.com\/de\/wp-json\/wp\/v2\/posts"}],"about":[{"href":"https:\/\/cambiodelona.com\/de\/wp-json\/wp\/v2\/types\/post"}],"author":[{"embeddable":true,"href":"https:\/\/cambiodelona.com\/de\/wp-json\/wp\/v2\/users\/1"}],"replies":[{"embeddable":true,"href":"https:\/\/cambiodelona.com\/de\/wp-json\/wp\/v2\/comments?post=15267"}],"version-history":[{"count":2,"href":"https:\/\/cambiodelona.com\/de\/wp-json\/wp\/v2\/posts\/15267\/revisions"}],"predecessor-version":[{"id":15520,"href":"https:\/\/cambiodelona.com\/de\/wp-json\/wp\/v2\/posts\/15267\/revisions\/15520"}],"wp:featuredmedia":[{"embeddable":true,"href":"https:\/\/cambiodelona.com\/de\/wp-json\/wp\/v2\/media\/9072"}],"wp:attachment":[{"href":"https:\/\/cambiodelona.com\/de\/wp-json\/wp\/v2\/media?parent=15267"}],"wp:term":[{"taxonomy":"category","embeddable":true,"href":"https:\/\/cambiodelona.com\/de\/wp-json\/wp\/v2\/categories?post=15267"},{"taxonomy":"post_tag","embeddable":true,"href":"https:\/\/cambiodelona.com\/de\/wp-json\/wp\/v2\/tags?post=15267"}],"curies":[{"name":"wp","href":"https:\/\/api.w.org\/{rel}","templated":true}]}}