{"id":15329,"date":"2024-02-19T21:06:57","date_gmt":"2024-02-19T19:06:57","guid":{"rendered":"https:\/\/cambiodelona.com\/?p=15329"},"modified":"2024-12-04T13:17:43","modified_gmt":"2024-12-04T11:17:43","slug":"markisenstoff-recasens-r099-weiss","status":"publish","type":"post","link":"https:\/\/cambiodelona.com\/de\/markisenstoff-recasens-r099-weiss\/","title":{"rendered":"Markisenstoff Recasens R099 Wei\u00df"},"content":{"rendered":"\t\t<div data-elementor-type=\"wp-post\" data-elementor-id=\"15329\" class=\"elementor elementor-15329 elementor-15307\">\n\t\t\t\t\t\t<section class=\"elementor-section elementor-top-section elementor-element elementor-element-4502ac39 elementor-section-boxed elementor-section-height-default elementor-section-height-default\" data-id=\"4502ac39\" data-element_type=\"section\" data-e-type=\"section\">\n\t\t\t\t\t\t<div class=\"elementor-container elementor-column-gap-default\">\n\t\t\t\t\t<div class=\"elementor-column elementor-col-100 elementor-top-column elementor-element elementor-element-49d7f3c3\" data-id=\"49d7f3c3\" data-element_type=\"column\" data-e-type=\"column\">\n\t\t\t<div class=\"elementor-widget-wrap elementor-element-populated\">\n\t\t\t\t\t\t<div class=\"elementor-element elementor-element-6da9cf9f elementor-widget elementor-widget-text-editor\" data-id=\"6da9cf9f\" data-element_type=\"widget\" data-e-type=\"widget\" data-widget_type=\"text-editor.default\">\n\t\t\t\t<div class=\"elementor-widget-container\">\n\t\t\t\t\t\t\t\t\t<h1 id=\"h-lona-para-toldo-sauleda-2042-blanco\" class=\"wp-block-heading\"><strong>Markisenstoff<\/strong> <b>Recasens R099 Wei\u00df<\/b><\/h1><p>Wei\u00df ist die Farbe schlechthin im Gesundheitsbereich. <br \/>Wei\u00df ist ein Symbol f\u00fcr <strong>Reinheit, Sauberkeit und Hygiene.<\/strong> Sie ist ein Synonym f\u00fcr <strong>Frieden und Einfachheit.<\/strong> Sie ist auch daf\u00fcr bekannt, dass sie Gef\u00fchle der Ruhe, Gelassenheit und Entspannung hervorruft.<br \/>Wenn Sie auf der Suche nach einem Ort sind, der Ruhe und Gelassenheit ausstrahlt, empfehlen wir Ihnen, eine wei\u00dfe Markisenstoff anzubringen. Sie passt sich perfekt an jedes Design und jeden Stil an und sorgt f\u00fcr ein frisches und helles Ambiente. Dar\u00fcber hinaus ist die Farbe Wei\u00df daf\u00fcr bekannt, dass sie Ruhe und Harmonie vermittelt, was dazu beitr\u00e4gt, einen Raum zu schaffen, der Entspannung und Ruhe f\u00f6rdert. <br \/>Egal, ob Ihr Raum klein oder gro\u00df ist, die wei\u00dfe Markise verleiht ihm einen eleganten und raffinierten Touch. Gleichzeitig sch\u00fctzt sie Sie vor der Sonne und erm\u00f6glicht es Ihnen, den Au\u00dfenbereich zu genie\u00dfen, ohne sich um die UV-Strahlen zu sorgen. <br \/>Verpassen Sie nicht die Gelegenheit, Ihren Raum mit einer wei\u00dfen Markisenstoff in eine Oase der Ruhe zu verwandeln!<\/p><figure class=\"wp-block-image aligncenter size-full is-resized\"><img fetchpriority=\"high\" decoding=\"async\" class=\"alignnone wp-image-10614 size-full\" style=\"width: 719px; height: auto;\" src=\"https:\/\/cambiodelona.com\/wp-content\/uploads\/2023\/05\/R_099.jpg\" alt=\"\" width=\"270\" height=\"195\" \/><\/figure><h2 id=\"h-solar-pro-proteccion-solar-de-calidad\" class=\"wp-block-heading\"><strong>Recacril\u00ae-Stoffe, deine beste Wette.<\/strong><\/h2><p>Der Recasens R099 Wei\u00dfer Markisenstoff ist Teil des <a href=\"https:\/\/recasens.com\/wp-content\/uploads\/2019\/05\/catalogo_recacril_2017-19.pdf\">Recacril de Recasens<\/a>Produktsortiments.<\/p><p>Die <strong>Recacril\u00ae<\/strong>-Stoffe sind Hochleistungsstoffe aus masstintiertem Acrylfaser, optimiert f\u00fcr Sonnenschirme und Sonnenschutz im Au\u00dfenbereich.<\/p><p>Sie haben eine robuste Struktur dank des Herstellungsprozesses und bieten eine ideale Oberfl\u00e4che f\u00fcr die <strong>Infinity-Verfahrensabschluss<\/strong>, eine Hochtechnologiebeschichtung, die Wasser- und Schmutzabweisung bietet und zu einem langlebigen und dauerhaften Aussehen des Gewebes f\u00fchrt.<\/p><p>Sie sind einfach zu handhaben, bleiben flach beim Schneiden und wellenfrei beim N\u00e4hen. Die geschlossene Struktur erleichtert den Druck, was eine bessere Haftung des Vinyls und Sch\u00e4rfe beim Siebdruck erm\u00f6glicht.<\/p><p>Sie erf\u00fcllen die Norm UNE-EN 13561:2004+A1:2009 und gew\u00e4hrleisten Qualit\u00e4t w\u00e4hrend des gesamten Herstellungsprozesses.<\/p><h2 id=\"h-caracteristicas-de-la-lona-para-toldo-sauleda-2042-blanco\" class=\"wp-block-heading\"><strong>Technisches Aussehen des Recasens R099 Blanco Wei\u00dfer Markisenstoff<\/strong><\/h2><p class=\"has-medium-font-size\"><strong>Produktsortiments:<\/strong> RECACRIL <strong>Design:<\/strong> Liso<\/p><p class=\"has-medium-font-size\">100% Acrylfaser, im Kern gef\u00e4rbt<\/p><p class=\"has-medium-font-size\"><strong>Finishing<\/strong>: Spezialbehandlung &#8222;Infinity-Prozess&#8220; f\u00fcr Markisen: weist Wasser und Schmutz ab, bildet eine Anti-Fleck- und Anti-Schimmel-Barriere und erm\u00f6glicht dem Gewebe zu atmen.<\/p><p class=\"has-medium-font-size\"><strong>Garantie: <a href=\"https:\/\/recasens.com\/producto\/recacril\/\">12 Jahre<\/a><\/strong><\/p><h2 id=\"h-aspecto-tecnico-de-la-lona-para-toldo-sauleda-2042-blanco\" class=\"wp-block-heading\"><strong>Technischer Aspekt des Markisenstoff Recasens R099 Wei\u00df<\/strong><\/h2><figure class=\"wp-block-table\"><table><tbody><tr><td><strong><u>St\u00fcck (Rolle):<\/u><\/strong><\/td><td><strong><u>Stoff:<\/u><\/strong><\/td><\/tr><tr><td><strong>Breite: <\/strong>120 cm.<\/td><td><strong>Gewicht:<\/strong> 300 gr\/m2<\/td><\/tr><tr><td><strong>L\u00e4nge:<\/strong> 60 m.<\/td><td><strong>Dicke: <\/strong>0,55 mm<\/td><\/tr><\/tbody><\/table><\/figure><h2><strong>Farbdetail der Markisenstoff Recasens R099 Wei\u00df.<\/strong><\/h2><p class=\"has-text-align-center has-large-font-size\"><strong>RAL: <\/strong>9003 <strong>Pantone: <\/strong>&#8211; <strong>NCS: <\/strong>&#8211;<\/p><figure class=\"wp-block-image aligncenter size-full is-resized\"><img decoding=\"async\" width=\"600\" height=\"500\" class=\"wp-image-14874\" style=\"width: 474px; height: auto;\" src=\"https:\/\/cambiodelona.com\/wp-content\/uploads\/2023\/11\/ral-9003.jpg\" alt=\"\" srcset=\"https:\/\/cambiodelona.com\/wp-content\/uploads\/2023\/11\/ral-9003.jpg 600w, https:\/\/cambiodelona.com\/wp-content\/uploads\/2023\/11\/ral-9003-300x250.jpg 300w\" sizes=\"(max-width: 600px) 100vw, 600px\" \/><\/figure><figure class=\"wp-block-gallery alignleft has-nested-images columns-default is-cropped\"><\/figure><p>Diese Seite zeigt die Farbe RAL <strong>9003<\/strong> mit dem Farbnamen <strong>White signals<\/strong>. Diese RAL-Farbe geh\u00f6rt zur Kategorie der <a href=\"https:\/\/www.coloresral.com.es\/ral-classic\/tonos-blancos-y-negros\">Schwarz- und Wei\u00dft\u00f6ne<\/a>, die Teil des <a href=\"https:\/\/www.coloresral.com.es\/ral-classic\">RAL Classic-Farbsystems<\/a> sind.<\/p><h2 id=\"h-equivalencia-exacta-de-la-lona-para-toldo-sauleda-2042-blanco-entre-fabricantes\" class=\"wp-block-heading\"><strong>Genauigkeit der <strong>Markisenstoff Recasens R099 Wei\u00dfer<\/strong><\/strong> <strong>zwischen Herstellern.<\/strong><\/h2><figure class=\"wp-block-table\"><table><tbody><tr><td><strong>Sauleda<\/strong><\/td><td><strong>Recasens<\/strong><\/td><td><strong>Dickson<\/strong><\/td><\/tr><tr><td><a href=\"https:\/\/cambiodelona.com\/de\/markisenstoff-sauleda-2042-weisser\/\">2042 Blanco<\/a><\/td><td>&#8211;<\/td><td><a href=\"https:\/\/cambiodelona.com\/de\/markisenstoff-dickson-orchestra-0001-ecru\/\">0001 Ecru<\/a><\/td><\/tr><\/tbody><\/table><\/figure><h2 id=\"h-similitud-en-otra-gama-y-otro-fabricante-de-la-lona-para-toldo-sauleda-2042-blanco\" class=\"wp-block-heading\"><strong>\u00c4hnlichkeit in einer anderen Reihe und einem anderen Hersteller der Markisenstoff Recasens R099 Wei\u00df<\/strong><\/h2><figure class=\"wp-block-table\"><table><tbody><tr><td><strong>Solrain Impermeable<\/strong><\/td><td><strong>Tandem<\/strong><\/td><td><strong>Green<\/strong><\/td><td><strong>Max (impermeable)<\/strong><\/td><td><strong>Recacril System<\/strong> <strong>(impermeable)<\/strong><\/td><\/tr><tr><td>&#8211;<\/td><td>SI (1530 Wei\u00df)<\/td><td>&#8211;<\/td><td>SI (0001 MAX Ecru)<\/td><td>&#8211;<\/td><\/tr><\/tbody><\/table><\/figure><h2 id=\"h-confecciones-a-medida\" class=\"wp-block-heading\"><strong>Ma\u00dfgeschneiderte Markisenstoffe<\/strong><\/h2><p>Holen Sie sich den perfekten Markisenstoff mit den genauen Ma\u00dfen, die Sie ben\u00f6tigen. <br \/>Nutzen Sie unsere benutzerfreundlichen Konfiguratoren und \u00fcberlassen Sie uns die Fertigung.<\/p><h3 id=\"h-accede-a-los-diferentes-configuradores\" class=\"wp-block-heading has-text-align-center has-x-large-font-size\"><strong>Zugang zu den verschiedenen Konfiguratoren<\/strong><\/h3><div class=\"wp-block-buttons\"><div class=\"wp-block-button has-custom-width wp-block-button__width-25 has-custom-font-size has-medium-font-size\"><a class=\"wp-block-button__link has-black-color has-luminous-vivid-amber-background-color has-text-color has-background has-link-color wp-element-button\" style=\"padding: var(--wp--preset--spacing--40) var(--wp--preset--spacing--30) var(--wp--preset--spacing--40) var(--wp--preset--spacing--30);\" href=\"https:\/\/cambiodelona.com\/de\/producto\/markisenstoff\/\"><strong>Markisenstoff <\/strong><\/a><\/div><div class=\"wp-block-button has-custom-width wp-block-button__width-25 has-custom-font-size has-medium-font-size\"><a class=\"wp-block-button__link has-black-color has-luminous-vivid-amber-background-color has-text-color has-background has-link-color wp-element-button\" style=\"padding: var(--wp--preset--spacing--40) var(--wp--preset--spacing--30) var(--wp--preset--spacing--40) var(--wp--preset--spacing--30);\" href=\"https:\/\/cambiodelona.com\/de\/producto\/volant-allein\/\"><strong>Volant allein<\/strong><\/a><\/div><div class=\"wp-block-button has-custom-width wp-block-button__width-25 has-custom-font-size has-medium-font-size\"><a class=\"wp-block-button__link has-black-color has-luminous-vivid-amber-background-color has-text-color has-background has-link-color wp-element-button\" style=\"padding: var(--wp--preset--spacing--40) var(--wp--preset--spacing--30) var(--wp--preset--spacing--40) var(--wp--preset--spacing--30);\" href=\"https:\/\/cambiodelona.com\/de\/producto\/balkon-sichtschutz\/\"><strong>Balkon-Sichtschutz<\/strong><\/a><\/div><div class=\"wp-block-button has-custom-width wp-block-button__width-25 has-custom-font-size has-medium-font-size\"><a class=\"wp-block-button__link has-black-color has-luminous-vivid-amber-background-color has-text-color has-background has-link-color wp-element-button\" style=\"padding: var(--wp--preset--spacing--40) var(--wp--preset--spacing--30) var(--wp--preset--spacing--40) var(--wp--preset--spacing--30);\" href=\"https:\/\/cambiodelona.com\/de\/producto\/meine-stoff-fur-pergola\/\"><strong>Stoff f\u00fcr die Pergola<\/strong><\/a><\/div><\/div><h2>\u00a0<\/h2><h2 class=\"wp-block-heading\"><strong>Brauchen Sie Hilfe? Kontaktieren Sie uns! <\/strong><\/h2><p>Wir sind hier, um alle Ihre Fragen zu unseren Produkten zu beantworten.<br \/>Egal, ob es um Informationen, ein Angebot oder technische Unterst\u00fctzung geht, z\u00f6gern Sie nicht, uns zu kontaktieren.<\/p><p>Wir reagieren so schnell wie m\u00f6glich auf alle Ihre Anfragen und bieten Ihnen einen Qualit\u00e4tsservice.<\/p><p>Sie k\u00f6nnen uns eine WhatsApp an <strong>(0034) 609825961<\/strong> schicken oder uns eine E-Mail an <a href=\"mailto:web@cambiodelona.com\">web@meinmarkisenstoff.com<\/a> schicken.<br \/>Sie k\u00f6nnen uns auch \u00fcber <strong>unseren<\/strong> <strong>Live-Chat<\/strong> erreichen.<\/p><h2 class=\"wp-block-heading has-text-align-center\"><strong>(0034) 609825961<\/strong><\/h2><h2 class=\"wp-block-heading has-text-align-center\"><a href=\"mailto:web@cambiodelona.com\">web@meinmarkisenstoff.com<\/a><\/h2><figure class=\"wp-block-image aligncenter size-large is-resized\"><img decoding=\"async\" width=\"1024\" height=\"635\" class=\"wp-image-14887\" style=\"width: 590px; height: auto;\" src=\"https:\/\/cambiodelona.com\/wp-content\/uploads\/2023\/11\/Transparente-1024x635.png\" alt=\"\" srcset=\"https:\/\/cambiodelona.com\/wp-content\/uploads\/2023\/11\/Transparente-1024x635.png 1024w, https:\/\/cambiodelona.com\/wp-content\/uploads\/2023\/11\/Transparente-300x186.png 300w, https:\/\/cambiodelona.com\/wp-content\/uploads\/2023\/11\/Transparente-768x476.png 768w, https:\/\/cambiodelona.com\/wp-content\/uploads\/2023\/11\/Transparente-1536x952.png 1536w, https:\/\/cambiodelona.com\/wp-content\/uploads\/2023\/11\/Transparente-2048x1269.png 2048w, https:\/\/cambiodelona.com\/wp-content\/uploads\/2023\/11\/Transparente-600x372.png 600w\" sizes=\"(max-width: 1024px) 100vw, 1024px\" \/><\/figure>\t\t\t\t\t\t\t\t<\/div>\n\t\t\t\t<\/div>\n\t\t\t\t\t<\/div>\n\t\t<\/div>\n\t\t\t\t\t<\/div>\n\t\t<\/section>\n\t\t\t\t<\/div>\n\t\t","protected":false},"excerpt":{"rendered":"<p>Markisenstoff Recasens R099 Wei\u00df<\/p>\n","protected":false},"author":1,"featured_media":10613,"comment_status":"closed","ping_status":"closed","sticky":false,"template":"","format":"standard","meta":{"site-sidebar-layout":"default","site-content-layout":"default","ast-global-header-display":"","ast-main-header-display":"","ast-hfb-above-header-display":"","ast-hfb-below-header-display":"","ast-hfb-mobile-header-display":"","site-post-title":"disabled","ast-breadcrumbs-content":"","ast-featured-img":"","footer-sml-layout":"","theme-transparent-header-meta":"","adv-header-id-meta":"","stick-header-meta":"","header-above-stick-meta":"","header-main-stick-meta":"","header-below-stick-meta":"","footnotes":""},"categories":[94,95],"tags":[],"class_list":["post-15329","post","type-post","status-publish","format-standard","has-post-thumbnail","hentry","category-ficha-tecnica","category-fitxa-tecnica"],"yoast_head":"<!-- This site is optimized with the Yoast SEO Premium plugin v21.2 (Yoast SEO v21.2) - https:\/\/yoast.com\/wordpress\/plugins\/seo\/ -->\n<title>Markisenstoff Recasens R099 Wei\u00df<\/title>\n<meta name=\"description\" content=\"Markisenstoff Recasens R099 Wei\u00df. Technische Aspekte, Farbdetails, exakte Gleichwertigkeit zwischen den Herstellern oder \u00c4hnlichkeiten. Erforschen !\" \/>\n<meta name=\"robots\" content=\"index, follow, max-snippet:-1, max-image-preview:large, max-video-preview:-1\" \/>\n<link rel=\"canonical\" href=\"https:\/\/cambiodelona.com\/de\/markisenstoff-recasens-r099-weiss\/\" \/>\n<meta property=\"og:locale\" content=\"de_DE\" \/>\n<meta property=\"og:type\" content=\"article\" \/>\n<meta property=\"og:title\" content=\"Markisenstoff Recasens R099 Wei\u00df\" \/>\n<meta property=\"og:description\" content=\"Markisenstoff Recasens R099 Wei\u00df. Technische Aspekte, Farbdetails, exakte Gleichwertigkeit zwischen den Herstellern oder \u00c4hnlichkeiten. Erforschen !\" \/>\n<meta property=\"og:url\" content=\"https:\/\/cambiodelona.com\/de\/markisenstoff-recasens-r099-weiss\/\" \/>\n<meta property=\"og:site_name\" content=\"Cambiodelona\" \/>\n<meta property=\"article:publisher\" content=\"https:\/\/www.facebook.com\/cambiodelona.web\" \/>\n<meta property=\"article:published_time\" content=\"2024-02-19T19:06:57+00:00\" \/>\n<meta property=\"article:modified_time\" content=\"2024-12-04T11:17:43+00:00\" \/>\n<meta property=\"og:image\" content=\"https:\/\/cambiodelona.com\/wp-content\/uploads\/2023\/05\/R_099.jpg\" \/>\n\t<meta property=\"og:image:width\" content=\"270\" \/>\n\t<meta property=\"og:image:height\" content=\"195\" \/>\n\t<meta property=\"og:image:type\" content=\"image\/jpeg\" \/>\n<meta name=\"author\" content=\"admin\" \/>\n<meta name=\"twitter:card\" content=\"summary_large_image\" \/>\n<meta name=\"twitter:label1\" content=\"Verfasst von\" \/>\n\t<meta name=\"twitter:data1\" content=\"admin\" \/>\n\t<meta name=\"twitter:label2\" content=\"Gesch\u00e4tzte Lesezeit\" \/>\n\t<meta name=\"twitter:data2\" content=\"4\u00a0Minuten\" \/>\n<script type=\"application\/ld+json\" class=\"yoast-schema-graph\">{\"@context\":\"https:\/\/schema.org\",\"@graph\":[{\"@type\":\"Article\",\"@id\":\"https:\/\/cambiodelona.com\/de\/markisenstoff-recasens-r099-weiss\/#article\",\"isPartOf\":{\"@id\":\"https:\/\/cambiodelona.com\/de\/markisenstoff-recasens-r099-weiss\/\"},\"author\":{\"name\":\"admin\",\"@id\":\"https:\/\/cambiodelona.com\/#\/schema\/person\/50a2db2af44e53e57f8cd578dba56b2b\"},\"headline\":\"Markisenstoff Recasens R099 Wei\u00df\",\"datePublished\":\"2024-02-19T19:06:57+00:00\",\"dateModified\":\"2024-12-04T11:17:43+00:00\",\"mainEntityOfPage\":{\"@id\":\"https:\/\/cambiodelona.com\/de\/markisenstoff-recasens-r099-weiss\/\"},\"wordCount\":582,\"publisher\":{\"@id\":\"https:\/\/cambiodelona.com\/#organization\"},\"articleSection\":[\"Ficha t\u00e9cnica\",\"Fitxa t\u00e8cnica\"],\"inLanguage\":\"de\"},{\"@type\":\"WebPage\",\"@id\":\"https:\/\/cambiodelona.com\/de\/markisenstoff-recasens-r099-weiss\/\",\"url\":\"https:\/\/cambiodelona.com\/de\/markisenstoff-recasens-r099-weiss\/\",\"name\":\"Markisenstoff Recasens R099 Wei\u00df\",\"isPartOf\":{\"@id\":\"https:\/\/cambiodelona.com\/#website\"},\"datePublished\":\"2024-02-19T19:06:57+00:00\",\"dateModified\":\"2024-12-04T11:17:43+00:00\",\"description\":\"Markisenstoff Recasens R099 Wei\u00df. Technische Aspekte, Farbdetails, exakte Gleichwertigkeit zwischen den Herstellern oder \u00c4hnlichkeiten. Erforschen !\",\"breadcrumb\":{\"@id\":\"https:\/\/cambiodelona.com\/de\/markisenstoff-recasens-r099-weiss\/#breadcrumb\"},\"inLanguage\":\"de\",\"potentialAction\":[{\"@type\":\"ReadAction\",\"target\":[\"https:\/\/cambiodelona.com\/de\/markisenstoff-recasens-r099-weiss\/\"]}]},{\"@type\":\"BreadcrumbList\",\"@id\":\"https:\/\/cambiodelona.com\/de\/markisenstoff-recasens-r099-weiss\/#breadcrumb\",\"itemListElement\":[{\"@type\":\"ListItem\",\"position\":1,\"name\":\"Portada\",\"item\":\"https:\/\/cambiodelona.com\/\"},{\"@type\":\"ListItem\",\"position\":2,\"name\":\"Markisenstoff Recasens R099 Wei\u00df\"}]},{\"@type\":\"WebSite\",\"@id\":\"https:\/\/cambiodelona.com\/#website\",\"url\":\"https:\/\/cambiodelona.com\/\",\"name\":\"Cambiodelona.com\",\"description\":\"Nuevo portal especializado en la venta en l\u00ednea de productos confeccionados a medida para todo tipo de sistemas de protecci\u00f3n solar\",\"publisher\":{\"@id\":\"https:\/\/cambiodelona.com\/#organization\"},\"alternateName\":\"Cambio de lona\",\"potentialAction\":[{\"@type\":\"SearchAction\",\"target\":{\"@type\":\"EntryPoint\",\"urlTemplate\":\"https:\/\/cambiodelona.com\/?s={search_term_string}\"},\"query-input\":\"required name=search_term_string\"}],\"inLanguage\":\"de\"},{\"@type\":\"Organization\",\"@id\":\"https:\/\/cambiodelona.com\/#organization\",\"name\":\"Cambio de lona S. L.\",\"url\":\"https:\/\/cambiodelona.com\/\",\"logo\":{\"@type\":\"ImageObject\",\"inLanguage\":\"de\",\"@id\":\"https:\/\/cambiodelona.com\/#\/schema\/logo\/image\/\",\"url\":\"https:\/\/cambiodelona.com\/wp-content\/uploads\/2024\/09\/cambiodelona-logo.png\",\"contentUrl\":\"https:\/\/cambiodelona.com\/wp-content\/uploads\/2024\/09\/cambiodelona-logo.png\",\"width\":800,\"height\":439,\"caption\":\"Cambio de lona S. L.\"},\"image\":{\"@id\":\"https:\/\/cambiodelona.com\/#\/schema\/logo\/image\/\"},\"sameAs\":[\"https:\/\/www.facebook.com\/cambiodelona.web\",\"https:\/\/www.instagram.com\/cambiodelona\/\"]},{\"@type\":\"Person\",\"@id\":\"https:\/\/cambiodelona.com\/#\/schema\/person\/50a2db2af44e53e57f8cd578dba56b2b\",\"name\":\"admin\",\"image\":{\"@type\":\"ImageObject\",\"inLanguage\":\"de\",\"@id\":\"https:\/\/cambiodelona.com\/#\/schema\/person\/image\/\",\"url\":\"https:\/\/secure.gravatar.com\/avatar\/393c5803ba9895ff75788a5b7fd5089b?s=96&d=mm&r=g\",\"contentUrl\":\"https:\/\/secure.gravatar.com\/avatar\/393c5803ba9895ff75788a5b7fd5089b?s=96&d=mm&r=g\",\"caption\":\"admin\"},\"sameAs\":[\"https:\/\/toldos.arizonecrm.com\"],\"url\":\"https:\/\/cambiodelona.com\/de\/author\/sistemas_g91t1ntg\/\"}]}<\/script>\n<!-- \/ Yoast SEO Premium plugin. -->","yoast_head_json":{"title":"Markisenstoff Recasens R099 Wei\u00df","description":"Markisenstoff Recasens R099 Wei\u00df. Technische Aspekte, Farbdetails, exakte Gleichwertigkeit zwischen den Herstellern oder \u00c4hnlichkeiten. Erforschen !","robots":{"index":"index","follow":"follow","max-snippet":"max-snippet:-1","max-image-preview":"max-image-preview:large","max-video-preview":"max-video-preview:-1"},"canonical":"https:\/\/cambiodelona.com\/de\/markisenstoff-recasens-r099-weiss\/","og_locale":"de_DE","og_type":"article","og_title":"Markisenstoff Recasens R099 Wei\u00df","og_description":"Markisenstoff Recasens R099 Wei\u00df. Technische Aspekte, Farbdetails, exakte Gleichwertigkeit zwischen den Herstellern oder \u00c4hnlichkeiten. Erforschen !","og_url":"https:\/\/cambiodelona.com\/de\/markisenstoff-recasens-r099-weiss\/","og_site_name":"Cambiodelona","article_publisher":"https:\/\/www.facebook.com\/cambiodelona.web","article_published_time":"2024-02-19T19:06:57+00:00","article_modified_time":"2024-12-04T11:17:43+00:00","og_image":[{"width":270,"height":195,"url":"https:\/\/cambiodelona.com\/wp-content\/uploads\/2023\/05\/R_099.jpg","type":"image\/jpeg"}],"author":"admin","twitter_card":"summary_large_image","twitter_misc":{"Verfasst von":"admin","Gesch\u00e4tzte Lesezeit":"4\u00a0Minuten"},"schema":{"@context":"https:\/\/schema.org","@graph":[{"@type":"Article","@id":"https:\/\/cambiodelona.com\/de\/markisenstoff-recasens-r099-weiss\/#article","isPartOf":{"@id":"https:\/\/cambiodelona.com\/de\/markisenstoff-recasens-r099-weiss\/"},"author":{"name":"admin","@id":"https:\/\/cambiodelona.com\/#\/schema\/person\/50a2db2af44e53e57f8cd578dba56b2b"},"headline":"Markisenstoff Recasens R099 Wei\u00df","datePublished":"2024-02-19T19:06:57+00:00","dateModified":"2024-12-04T11:17:43+00:00","mainEntityOfPage":{"@id":"https:\/\/cambiodelona.com\/de\/markisenstoff-recasens-r099-weiss\/"},"wordCount":582,"publisher":{"@id":"https:\/\/cambiodelona.com\/#organization"},"articleSection":["Ficha t\u00e9cnica","Fitxa t\u00e8cnica"],"inLanguage":"de"},{"@type":"WebPage","@id":"https:\/\/cambiodelona.com\/de\/markisenstoff-recasens-r099-weiss\/","url":"https:\/\/cambiodelona.com\/de\/markisenstoff-recasens-r099-weiss\/","name":"Markisenstoff Recasens R099 Wei\u00df","isPartOf":{"@id":"https:\/\/cambiodelona.com\/#website"},"datePublished":"2024-02-19T19:06:57+00:00","dateModified":"2024-12-04T11:17:43+00:00","description":"Markisenstoff Recasens R099 Wei\u00df. Technische Aspekte, Farbdetails, exakte Gleichwertigkeit zwischen den Herstellern oder \u00c4hnlichkeiten. Erforschen !","breadcrumb":{"@id":"https:\/\/cambiodelona.com\/de\/markisenstoff-recasens-r099-weiss\/#breadcrumb"},"inLanguage":"de","potentialAction":[{"@type":"ReadAction","target":["https:\/\/cambiodelona.com\/de\/markisenstoff-recasens-r099-weiss\/"]}]},{"@type":"BreadcrumbList","@id":"https:\/\/cambiodelona.com\/de\/markisenstoff-recasens-r099-weiss\/#breadcrumb","itemListElement":[{"@type":"ListItem","position":1,"name":"Portada","item":"https:\/\/cambiodelona.com\/"},{"@type":"ListItem","position":2,"name":"Markisenstoff Recasens R099 Wei\u00df"}]},{"@type":"WebSite","@id":"https:\/\/cambiodelona.com\/#website","url":"https:\/\/cambiodelona.com\/","name":"Cambiodelona.com","description":"Nuevo portal especializado en la venta en l\u00ednea de productos confeccionados a medida para todo tipo de sistemas de protecci\u00f3n solar","publisher":{"@id":"https:\/\/cambiodelona.com\/#organization"},"alternateName":"Cambio de lona","potentialAction":[{"@type":"SearchAction","target":{"@type":"EntryPoint","urlTemplate":"https:\/\/cambiodelona.com\/?s={search_term_string}"},"query-input":"required name=search_term_string"}],"inLanguage":"de"},{"@type":"Organization","@id":"https:\/\/cambiodelona.com\/#organization","name":"Cambio de lona S. L.","url":"https:\/\/cambiodelona.com\/","logo":{"@type":"ImageObject","inLanguage":"de","@id":"https:\/\/cambiodelona.com\/#\/schema\/logo\/image\/","url":"https:\/\/cambiodelona.com\/wp-content\/uploads\/2024\/09\/cambiodelona-logo.png","contentUrl":"https:\/\/cambiodelona.com\/wp-content\/uploads\/2024\/09\/cambiodelona-logo.png","width":800,"height":439,"caption":"Cambio de lona S. L."},"image":{"@id":"https:\/\/cambiodelona.com\/#\/schema\/logo\/image\/"},"sameAs":["https:\/\/www.facebook.com\/cambiodelona.web","https:\/\/www.instagram.com\/cambiodelona\/"]},{"@type":"Person","@id":"https:\/\/cambiodelona.com\/#\/schema\/person\/50a2db2af44e53e57f8cd578dba56b2b","name":"admin","image":{"@type":"ImageObject","inLanguage":"de","@id":"https:\/\/cambiodelona.com\/#\/schema\/person\/image\/","url":"https:\/\/secure.gravatar.com\/avatar\/393c5803ba9895ff75788a5b7fd5089b?s=96&d=mm&r=g","contentUrl":"https:\/\/secure.gravatar.com\/avatar\/393c5803ba9895ff75788a5b7fd5089b?s=96&d=mm&r=g","caption":"admin"},"sameAs":["https:\/\/toldos.arizonecrm.com"],"url":"https:\/\/cambiodelona.com\/de\/author\/sistemas_g91t1ntg\/"}]}},"_links":{"self":[{"href":"https:\/\/cambiodelona.com\/de\/wp-json\/wp\/v2\/posts\/15329","targetHints":{"allow":["GET"]}}],"collection":[{"href":"https:\/\/cambiodelona.com\/de\/wp-json\/wp\/v2\/posts"}],"about":[{"href":"https:\/\/cambiodelona.com\/de\/wp-json\/wp\/v2\/types\/post"}],"author":[{"embeddable":true,"href":"https:\/\/cambiodelona.com\/de\/wp-json\/wp\/v2\/users\/1"}],"replies":[{"embeddable":true,"href":"https:\/\/cambiodelona.com\/de\/wp-json\/wp\/v2\/comments?post=15329"}],"version-history":[{"count":5,"href":"https:\/\/cambiodelona.com\/de\/wp-json\/wp\/v2\/posts\/15329\/revisions"}],"predecessor-version":[{"id":20978,"href":"https:\/\/cambiodelona.com\/de\/wp-json\/wp\/v2\/posts\/15329\/revisions\/20978"}],"wp:featuredmedia":[{"embeddable":true,"href":"https:\/\/cambiodelona.com\/de\/wp-json\/wp\/v2\/media\/10613"}],"wp:attachment":[{"href":"https:\/\/cambiodelona.com\/de\/wp-json\/wp\/v2\/media?parent=15329"}],"wp:term":[{"taxonomy":"category","embeddable":true,"href":"https:\/\/cambiodelona.com\/de\/wp-json\/wp\/v2\/categories?post=15329"},{"taxonomy":"post_tag","embeddable":true,"href":"https:\/\/cambiodelona.com\/de\/wp-json\/wp\/v2\/tags?post=15329"}],"curies":[{"name":"wp","href":"https:\/\/api.w.org\/{rel}","templated":true}]}}