{"id":21672,"date":"2024-10-30T13:14:14","date_gmt":"2024-10-30T11:14:14","guid":{"rendered":"https:\/\/cambiodelona.com\/komplette-transformation-in-barcelona%f0%9f%8c%9f%f0%9f%8f%99%ef%b8%8f\/"},"modified":"2025-03-15T18:39:10","modified_gmt":"2025-03-15T16:39:10","slug":"komplette-transformation-in-barcelona%f0%9f%8c%9f%f0%9f%8f%99%ef%b8%8f","status":"publish","type":"post","link":"https:\/\/cambiodelona.com\/de\/komplette-transformation-in-barcelona%f0%9f%8c%9f%f0%9f%8f%99%ef%b8%8f\/","title":{"rendered":"Komplette Transformation in Barcelona!\ud83c\udf1f\ud83c\udfd9\ufe0f"},"content":{"rendered":"\n<figure class=\"wp-block-image aligncenter size-large\"><img fetchpriority=\"high\" decoding=\"async\" width=\"1024\" height=\"1024\" src=\"https:\/\/cambiodelona.com\/wp-content\/uploads\/2024\/10\/462070154_122185277162085040_277180399642461823_n-1024x1024.jpg\" alt=\"AcrylMarkisenstoff in Barcelona &#x2013; Komplette Transformation! &#x1F31F;&#x1F3D9;&#xFE0F; \" class=\"wp-image-20581\" srcset=\"https:\/\/cambiodelona.com\/wp-content\/uploads\/2024\/10\/462070154_122185277162085040_277180399642461823_n-1024x1024.jpg 1024w, https:\/\/cambiodelona.com\/wp-content\/uploads\/2024\/10\/462070154_122185277162085040_277180399642461823_n-300x300.jpg 300w, https:\/\/cambiodelona.com\/wp-content\/uploads\/2024\/10\/462070154_122185277162085040_277180399642461823_n-150x150.jpg 150w, https:\/\/cambiodelona.com\/wp-content\/uploads\/2024\/10\/462070154_122185277162085040_277180399642461823_n-768x768.jpg 768w, https:\/\/cambiodelona.com\/wp-content\/uploads\/2024\/10\/462070154_122185277162085040_277180399642461823_n-600x600.jpg 600w, https:\/\/cambiodelona.com\/wp-content\/uploads\/2024\/10\/462070154_122185277162085040_277180399642461823_n-100x100.jpg 100w, https:\/\/cambiodelona.com\/wp-content\/uploads\/2024\/10\/462070154_122185277162085040_277180399642461823_n.jpg 1080w\" sizes=\"(max-width: 1024px) 100vw, 1024px\" \/><\/figure>\n\n<div style=\"height:40px\" aria-hidden=\"true\" class=\"wp-block-spacer\"><\/div>\n\n<p>Sind Sie auf der Suche nach einer robusten und attraktiven L\u00f6sung f\u00fcr Ihren Raum? Unsere <strong>AcrylMarkisenstoff in Barcelona <\/strong>sind genau das, was Sie brauchen. \ud83c\udf08\ud83c\udfe1<br\/>Fr\u00fcher hielten die alten Planen kaum der Zeit stand; jetzt ist mit unseren hochwertigen Planen alles anders. \ud83d\udcaa\u2728   <\/p>\n\n<p>Das Erneuern deiner Markisen ver\u00e4ndert nicht nur das Aussehen deines Hauses oder Gesch\u00e4fts, sondern bietet auch einen starken Schutz vor Sonne und Regen. Wir haben zwei gro\u00dfartige Markisen installiert, die durch ihre \u00c4sthetik und Langlebigkeit \u00fcberzeugen. Die Ver\u00e4nderung ist bemerkenswert \u2013 sowohl in Funktionalit\u00e4t als auch im Design! \ud83d\ude0d<\/p>\n\n<div class=\"wp-block-columns is-layout-flex wp-container-core-columns-is-layout-1 wp-block-columns-is-layout-flex\">\n<div class=\"wp-block-column is-layout-flow wp-block-column-is-layout-flow\">\n<figure class=\"wp-block-image size-large\"><img decoding=\"async\" width=\"1024\" height=\"1024\" src=\"https:\/\/cambiodelona.com\/wp-content\/uploads\/2024\/10\/462130324_122185277234085040_3889122988298583347_n-1024x1024.jpg\" alt=\"Material: AcrylStoff 2154 Sauleda Masacril Monaco\" class=\"wp-image-20585\" srcset=\"https:\/\/cambiodelona.com\/wp-content\/uploads\/2024\/10\/462130324_122185277234085040_3889122988298583347_n-1024x1024.jpg 1024w, https:\/\/cambiodelona.com\/wp-content\/uploads\/2024\/10\/462130324_122185277234085040_3889122988298583347_n-300x300.jpg 300w, https:\/\/cambiodelona.com\/wp-content\/uploads\/2024\/10\/462130324_122185277234085040_3889122988298583347_n-150x150.jpg 150w, https:\/\/cambiodelona.com\/wp-content\/uploads\/2024\/10\/462130324_122185277234085040_3889122988298583347_n-768x768.jpg 768w, https:\/\/cambiodelona.com\/wp-content\/uploads\/2024\/10\/462130324_122185277234085040_3889122988298583347_n-600x600.jpg 600w, https:\/\/cambiodelona.com\/wp-content\/uploads\/2024\/10\/462130324_122185277234085040_3889122988298583347_n-100x100.jpg 100w, https:\/\/cambiodelona.com\/wp-content\/uploads\/2024\/10\/462130324_122185277234085040_3889122988298583347_n.jpg 1080w\" sizes=\"(max-width: 1024px) 100vw, 1024px\" \/><\/figure>\n<\/div>\n\n\n\n<div class=\"wp-block-column is-layout-flow wp-block-column-is-layout-flow\">\n<figure class=\"wp-block-image size-large\"><img decoding=\"async\" width=\"1024\" height=\"1024\" src=\"https:\/\/cambiodelona.com\/wp-content\/uploads\/2024\/10\/461997496_122185277198085040_503126522930893563_n-1024x1024.jpg\" alt=\"Material: AcrylStoff 2154 Sauleda Masacril Monaco\" class=\"wp-image-20589\" srcset=\"https:\/\/cambiodelona.com\/wp-content\/uploads\/2024\/10\/461997496_122185277198085040_503126522930893563_n-1024x1024.jpg 1024w, https:\/\/cambiodelona.com\/wp-content\/uploads\/2024\/10\/461997496_122185277198085040_503126522930893563_n-300x300.jpg 300w, https:\/\/cambiodelona.com\/wp-content\/uploads\/2024\/10\/461997496_122185277198085040_503126522930893563_n-150x150.jpg 150w, https:\/\/cambiodelona.com\/wp-content\/uploads\/2024\/10\/461997496_122185277198085040_503126522930893563_n-768x768.jpg 768w, https:\/\/cambiodelona.com\/wp-content\/uploads\/2024\/10\/461997496_122185277198085040_503126522930893563_n-600x600.jpg 600w, https:\/\/cambiodelona.com\/wp-content\/uploads\/2024\/10\/461997496_122185277198085040_503126522930893563_n-100x100.jpg 100w, https:\/\/cambiodelona.com\/wp-content\/uploads\/2024\/10\/461997496_122185277198085040_503126522930893563_n.jpg 1080w\" sizes=\"(max-width: 1024px) 100vw, 1024px\" \/><\/figure>\n<\/div>\n<\/div>\n\n<h2 class=\"wp-block-heading\" id=\"h-que-hace-nuestras-lonas-especiales\">Was macht unsere Markisenstoff besonders?<\/h2>\n\n<p>Wir bieten hochwertige Produkte mit einzigartigen Eigenschaften, die Zufriedenheit und Vertrauen bei jeder Installation garantieren:<\/p>\n\n<ul class=\"wp-block-list\">\n<li>\ud83d\udee1\ufe0f <strong>Material Premium<\/strong>: AcrylStoff 2154 Sauleda Masacril M\u00f3naco, bekannt f\u00fcr seine Widerstandsf\u00e4higkeit und Eleganz.<\/li>\n\n\n\n<li>\ud83d\udd25 <strong>Fortschrittliche Thermoversiegelung<\/strong> f\u00fcr maximalen Schutz vor Witterungseinfl\u00fcssen.<\/li>\n<\/ul>\n\n<p>Unsere Kunden sind begeistert von den Ergebnissen, und ihre R\u00e4ume erwachen mit einem modernen und funktionalen Stil zum Leben. Ob f\u00fcr einen Garten, eine Terrasse oder ein Gesch\u00e4ft \u2013 unsere Acrylstoff sind ideal f\u00fcr jede Umgebung in Barcelona. <\/p>\n\n<div class=\"wp-block-columns is-layout-flex wp-container-core-columns-is-layout-2 wp-block-columns-is-layout-flex\">\n<div class=\"wp-block-column is-layout-flow wp-block-column-is-layout-flow\">\n<figure class=\"wp-block-image size-large\"><img loading=\"lazy\" decoding=\"async\" width=\"1024\" height=\"1024\" src=\"https:\/\/cambiodelona.com\/wp-content\/uploads\/2024\/10\/461660227_122185277252085040_5807205174302972723_n-1024x1024.jpg\" alt=\"\" class=\"wp-image-20593\" srcset=\"https:\/\/cambiodelona.com\/wp-content\/uploads\/2024\/10\/461660227_122185277252085040_5807205174302972723_n-1024x1024.jpg 1024w, https:\/\/cambiodelona.com\/wp-content\/uploads\/2024\/10\/461660227_122185277252085040_5807205174302972723_n-300x300.jpg 300w, https:\/\/cambiodelona.com\/wp-content\/uploads\/2024\/10\/461660227_122185277252085040_5807205174302972723_n-150x150.jpg 150w, https:\/\/cambiodelona.com\/wp-content\/uploads\/2024\/10\/461660227_122185277252085040_5807205174302972723_n-768x768.jpg 768w, https:\/\/cambiodelona.com\/wp-content\/uploads\/2024\/10\/461660227_122185277252085040_5807205174302972723_n-600x600.jpg 600w, https:\/\/cambiodelona.com\/wp-content\/uploads\/2024\/10\/461660227_122185277252085040_5807205174302972723_n-100x100.jpg 100w, https:\/\/cambiodelona.com\/wp-content\/uploads\/2024\/10\/461660227_122185277252085040_5807205174302972723_n.jpg 1080w\" sizes=\"(max-width: 1024px) 100vw, 1024px\" \/><\/figure>\n<\/div>\n\n\n\n<div class=\"wp-block-column is-layout-flow wp-block-column-is-layout-flow\">\n<figure class=\"wp-block-image size-large\"><img loading=\"lazy\" decoding=\"async\" width=\"1024\" height=\"1024\" src=\"https:\/\/cambiodelona.com\/wp-content\/uploads\/2024\/10\/461925159_122185277138085040_2362942942110830762_n-1024x1024.jpg\" alt=\"\" class=\"wp-image-20597\" srcset=\"https:\/\/cambiodelona.com\/wp-content\/uploads\/2024\/10\/461925159_122185277138085040_2362942942110830762_n-1024x1024.jpg 1024w, https:\/\/cambiodelona.com\/wp-content\/uploads\/2024\/10\/461925159_122185277138085040_2362942942110830762_n-300x300.jpg 300w, https:\/\/cambiodelona.com\/wp-content\/uploads\/2024\/10\/461925159_122185277138085040_2362942942110830762_n-150x150.jpg 150w, https:\/\/cambiodelona.com\/wp-content\/uploads\/2024\/10\/461925159_122185277138085040_2362942942110830762_n-768x768.jpg 768w, https:\/\/cambiodelona.com\/wp-content\/uploads\/2024\/10\/461925159_122185277138085040_2362942942110830762_n-600x600.jpg 600w, https:\/\/cambiodelona.com\/wp-content\/uploads\/2024\/10\/461925159_122185277138085040_2362942942110830762_n-100x100.jpg 100w, https:\/\/cambiodelona.com\/wp-content\/uploads\/2024\/10\/461925159_122185277138085040_2362942942110830762_n.jpg 1080w\" sizes=\"(max-width: 1024px) 100vw, 1024px\" \/><\/figure>\n<\/div>\n<\/div>\n\n<h2 class=\"wp-block-heading\" id=\"h-beneficios-de-elegir-lonas-acrilicas-en-barcelona\">Vorteile der Wahl von Acrylstoff in Barcelona<\/h2>\n\n<p>\ud83c\udf3f <strong>Verantwortungsbewusste Haltbarkeit<\/strong>: Gefertigt, um jahrelang zu halten und den Bedarf an st\u00e4ndigem Austausch zu minimieren.<\/p>\n\n<p>\ud83c\udf1e <strong>Wetterbest\u00e4ndigkeit<\/strong>: Widerstehen intensiver Sonneneinstrahlung und starkem Regen.<\/p>\n\n<p>\ud83c\udfa8 <strong>Einzigartiger Stil<\/strong>: Erh\u00e4ltlich in eleganten Designs, die zu allen Arten von R\u00e4umen passen.<\/p>\n\n<h3 class=\"wp-block-heading\" id=\"h-atrevete-a-transformar-tu-espacio\">Trau dich, deinen Raum zu verwandeln!<\/h3>\n\n<p>Die Verbesserung deiner Umgebung beginnt mit kleinen Ver\u00e4nderungen, die einen gro\u00dfen Unterschied machen.\ud83d\udd27\ud83d\udc95 Mit unseren Acrylstoff in Barcelona bringen Sie Ihren Raum auf ein neues Niveau von Komfort und Sch\u00f6nheit. <\/p>\n\n<p>Kontaktieren Sie uns und entdecken Sie, wie wir Ihnen helfen k\u00f6nnen, Ihr Zuhause oder Gesch\u00e4ft mit hochwertigen Acrylstoff zu transformieren. \ud83c\udf1f\u2728Es ist Zeit, das, was dir am wichtigsten ist, zu erneuern und zu sch\u00fctzen! <\/p>\n\n<p>\ud83d\udcf8 Teile deine Fotos von deinem neu gestalteten Raum und markiere <a href=\"https:\/\/www.instagram.com\/cambiodelona\/\">@cambiodelona <\/a>!<\/p>\n\n<p>\ud83d\udcf2 Pide tu presupuesto personalizado hoy.<\/p>\n","protected":false},"excerpt":{"rendered":"<p>Sind Sie auf der Suche nach einer robusten und attraktiven L\u00f6sung f\u00fcr Ihren Raum? Unsere AcrylMarkisenstoff in Barcelona sind genau das, was Sie brauchen. \ud83c\udf08\ud83c\udfe1Fr\u00fcher hielten die alten Planen kaum der Zeit stand; jetzt ist mit unseren hochwertigen Planen alles anders. \ud83d\udcaa\u2728 Das Erneuern deiner Markisen ver\u00e4ndert nicht nur das Aussehen deines Hauses oder Gesch\u00e4fts, &hellip;<\/p>\n<p class=\"read-more\"> <a class=\"\" href=\"https:\/\/cambiodelona.com\/de\/komplette-transformation-in-barcelona%f0%9f%8c%9f%f0%9f%8f%99%ef%b8%8f\/\"> <span class=\"screen-reader-text\">Komplette Transformation in Barcelona!\ud83c\udf1f\ud83c\udfd9\ufe0f<\/span> Weiterlesen &raquo;<\/a><\/p>\n","protected":false},"author":2,"featured_media":20584,"comment_status":"closed","ping_status":"closed","sticky":false,"template":"","format":"standard","meta":{"site-sidebar-layout":"default","site-content-layout":"default","ast-global-header-display":"","ast-main-header-display":"","ast-hfb-above-header-display":"","ast-hfb-below-header-display":"","ast-hfb-mobile-header-display":"","site-post-title":"","ast-breadcrumbs-content":"","ast-featured-img":"","footer-sml-layout":"","theme-transparent-header-meta":"","adv-header-id-meta":"","stick-header-meta":"","header-above-stick-meta":"","header-main-stick-meta":"","header-below-stick-meta":"","footnotes":""},"categories":[121],"tags":[],"class_list":["post-21672","post","type-post","status-publish","format-standard","has-post-thumbnail","hentry","category-blog-de"],"yoast_head":"<!-- This site is optimized with the Yoast SEO Premium plugin v21.2 (Yoast SEO v21.2) - https:\/\/yoast.com\/wordpress\/plugins\/seo\/ -->\n<title>Komplette Transformation in Barcelona!\ud83c\udf1f\ud83c\udfd9\ufe0f<\/title>\n<meta name=\"description\" content=\"AcrylMarkisenstoff in Barcelona. Versch\u00f6nern Sie Ihren Raum mit robustem und elegantem Material, perfekt f\u00fcr jedes Wetter. Bestellen Sie noch heute!\" \/>\n<meta name=\"robots\" content=\"index, follow, max-snippet:-1, max-image-preview:large, max-video-preview:-1\" \/>\n<link rel=\"canonical\" href=\"https:\/\/cambiodelona.com\/de\/komplette-transformation-in-barcelona\ud83c\udf1f\ud83c\udfd9\ufe0f\/\" \/>\n<meta property=\"og:locale\" content=\"de_DE\" \/>\n<meta property=\"og:type\" content=\"article\" \/>\n<meta property=\"og:title\" content=\"Komplette Transformation in Barcelona!\ud83c\udf1f\ud83c\udfd9\ufe0f\" \/>\n<meta property=\"og:description\" content=\"AcrylMarkisenstoff in Barcelona. Versch\u00f6nern Sie Ihren Raum mit robustem und elegantem Material, perfekt f\u00fcr jedes Wetter. Bestellen Sie noch heute!\" \/>\n<meta property=\"og:url\" content=\"https:\/\/cambiodelona.com\/de\/komplette-transformation-in-barcelona\ud83c\udf1f\ud83c\udfd9\ufe0f\/\" \/>\n<meta property=\"og:site_name\" content=\"Cambiodelona\" \/>\n<meta property=\"article:publisher\" content=\"https:\/\/www.facebook.com\/cambiodelona.web\" \/>\n<meta property=\"article:published_time\" content=\"2024-10-30T11:14:14+00:00\" \/>\n<meta property=\"article:modified_time\" content=\"2025-03-15T16:39:10+00:00\" \/>\n<meta property=\"og:image\" content=\"https:\/\/cambiodelona.com\/wp-content\/uploads\/2024\/10\/462070154_122185277162085040_277180399642461823_n.jpg\" \/>\n\t<meta property=\"og:image:width\" content=\"1080\" \/>\n\t<meta property=\"og:image:height\" content=\"1080\" \/>\n\t<meta property=\"og:image:type\" content=\"image\/jpeg\" \/>\n<meta name=\"author\" content=\"Vanessa Rodriguez\" \/>\n<meta name=\"twitter:card\" content=\"summary_large_image\" \/>\n<meta name=\"twitter:label1\" content=\"Verfasst von\" \/>\n\t<meta name=\"twitter:data1\" content=\"Vanessa Rodriguez\" \/>\n\t<meta name=\"twitter:label2\" content=\"Gesch\u00e4tzte Lesezeit\" \/>\n\t<meta name=\"twitter:data2\" content=\"2\u00a0Minuten\" \/>\n<script type=\"application\/ld+json\" class=\"yoast-schema-graph\">{\"@context\":\"https:\/\/schema.org\",\"@graph\":[{\"@type\":\"Article\",\"@id\":\"https:\/\/cambiodelona.com\/de\/komplette-transformation-in-barcelona%f0%9f%8c%9f%f0%9f%8f%99%ef%b8%8f\/#article\",\"isPartOf\":{\"@id\":\"https:\/\/cambiodelona.com\/de\/komplette-transformation-in-barcelona%f0%9f%8c%9f%f0%9f%8f%99%ef%b8%8f\/\"},\"author\":{\"name\":\"Vanessa Rodriguez\",\"@id\":\"https:\/\/cambiodelona.com\/#\/schema\/person\/bbc6d2fa16f926fd9ddb1cb331f4a5ba\"},\"headline\":\"Komplette Transformation in Barcelona!\ud83c\udf1f\ud83c\udfd9\ufe0f\",\"datePublished\":\"2024-10-30T11:14:14+00:00\",\"dateModified\":\"2025-03-15T16:39:10+00:00\",\"mainEntityOfPage\":{\"@id\":\"https:\/\/cambiodelona.com\/de\/komplette-transformation-in-barcelona%f0%9f%8c%9f%f0%9f%8f%99%ef%b8%8f\/\"},\"wordCount\":323,\"publisher\":{\"@id\":\"https:\/\/cambiodelona.com\/#organization\"},\"articleSection\":[\"Blog\"],\"inLanguage\":\"de\"},{\"@type\":\"WebPage\",\"@id\":\"https:\/\/cambiodelona.com\/de\/komplette-transformation-in-barcelona%f0%9f%8c%9f%f0%9f%8f%99%ef%b8%8f\/\",\"url\":\"https:\/\/cambiodelona.com\/de\/komplette-transformation-in-barcelona%f0%9f%8c%9f%f0%9f%8f%99%ef%b8%8f\/\",\"name\":\"Komplette Transformation in Barcelona!\ud83c\udf1f\ud83c\udfd9\ufe0f\",\"isPartOf\":{\"@id\":\"https:\/\/cambiodelona.com\/#website\"},\"datePublished\":\"2024-10-30T11:14:14+00:00\",\"dateModified\":\"2025-03-15T16:39:10+00:00\",\"description\":\"AcrylMarkisenstoff in Barcelona. Versch\u00f6nern Sie Ihren Raum mit robustem und elegantem Material, perfekt f\u00fcr jedes Wetter. Bestellen Sie noch heute!\",\"breadcrumb\":{\"@id\":\"https:\/\/cambiodelona.com\/de\/komplette-transformation-in-barcelona%f0%9f%8c%9f%f0%9f%8f%99%ef%b8%8f\/#breadcrumb\"},\"inLanguage\":\"de\",\"potentialAction\":[{\"@type\":\"ReadAction\",\"target\":[\"https:\/\/cambiodelona.com\/de\/komplette-transformation-in-barcelona%f0%9f%8c%9f%f0%9f%8f%99%ef%b8%8f\/\"]}]},{\"@type\":\"BreadcrumbList\",\"@id\":\"https:\/\/cambiodelona.com\/de\/komplette-transformation-in-barcelona%f0%9f%8c%9f%f0%9f%8f%99%ef%b8%8f\/#breadcrumb\",\"itemListElement\":[{\"@type\":\"ListItem\",\"position\":1,\"name\":\"Portada\",\"item\":\"https:\/\/cambiodelona.com\/\"},{\"@type\":\"ListItem\",\"position\":2,\"name\":\"Komplette Transformation in Barcelona!\ud83c\udf1f\ud83c\udfd9\ufe0f\"}]},{\"@type\":\"WebSite\",\"@id\":\"https:\/\/cambiodelona.com\/#website\",\"url\":\"https:\/\/cambiodelona.com\/\",\"name\":\"Cambiodelona.com\",\"description\":\"Nuevo portal especializado en la venta en l\u00ednea de productos confeccionados a medida para todo tipo de sistemas de protecci\u00f3n solar\",\"publisher\":{\"@id\":\"https:\/\/cambiodelona.com\/#organization\"},\"alternateName\":\"Cambio de lona\",\"potentialAction\":[{\"@type\":\"SearchAction\",\"target\":{\"@type\":\"EntryPoint\",\"urlTemplate\":\"https:\/\/cambiodelona.com\/?s={search_term_string}\"},\"query-input\":\"required name=search_term_string\"}],\"inLanguage\":\"de\"},{\"@type\":\"Organization\",\"@id\":\"https:\/\/cambiodelona.com\/#organization\",\"name\":\"Cambio de lona S. L.\",\"url\":\"https:\/\/cambiodelona.com\/\",\"logo\":{\"@type\":\"ImageObject\",\"inLanguage\":\"de\",\"@id\":\"https:\/\/cambiodelona.com\/#\/schema\/logo\/image\/\",\"url\":\"https:\/\/cambiodelona.com\/wp-content\/uploads\/2024\/09\/cambiodelona-logo.png\",\"contentUrl\":\"https:\/\/cambiodelona.com\/wp-content\/uploads\/2024\/09\/cambiodelona-logo.png\",\"width\":800,\"height\":439,\"caption\":\"Cambio de lona S. L.\"},\"image\":{\"@id\":\"https:\/\/cambiodelona.com\/#\/schema\/logo\/image\/\"},\"sameAs\":[\"https:\/\/www.facebook.com\/cambiodelona.web\",\"https:\/\/www.instagram.com\/cambiodelona\/\"]},{\"@type\":\"Person\",\"@id\":\"https:\/\/cambiodelona.com\/#\/schema\/person\/bbc6d2fa16f926fd9ddb1cb331f4a5ba\",\"name\":\"Vanessa Rodriguez\",\"image\":{\"@type\":\"ImageObject\",\"inLanguage\":\"de\",\"@id\":\"https:\/\/cambiodelona.com\/#\/schema\/person\/image\/\",\"url\":\"https:\/\/secure.gravatar.com\/avatar\/d454e3dbe4c965f86affde2f44fa9850?s=96&d=mm&r=g\",\"contentUrl\":\"https:\/\/secure.gravatar.com\/avatar\/d454e3dbe4c965f86affde2f44fa9850?s=96&d=mm&r=g\",\"caption\":\"Vanessa Rodriguez\"},\"url\":\"https:\/\/cambiodelona.com\/de\/author\/vanessa\/\"}]}<\/script>\n<!-- \/ Yoast SEO Premium plugin. -->","yoast_head_json":{"title":"Komplette Transformation in Barcelona!\ud83c\udf1f\ud83c\udfd9\ufe0f","description":"AcrylMarkisenstoff in Barcelona. Versch\u00f6nern Sie Ihren Raum mit robustem und elegantem Material, perfekt f\u00fcr jedes Wetter. Bestellen Sie noch heute!","robots":{"index":"index","follow":"follow","max-snippet":"max-snippet:-1","max-image-preview":"max-image-preview:large","max-video-preview":"max-video-preview:-1"},"canonical":"https:\/\/cambiodelona.com\/de\/komplette-transformation-in-barcelona\ud83c\udf1f\ud83c\udfd9\ufe0f\/","og_locale":"de_DE","og_type":"article","og_title":"Komplette Transformation in Barcelona!\ud83c\udf1f\ud83c\udfd9\ufe0f","og_description":"AcrylMarkisenstoff in Barcelona. Versch\u00f6nern Sie Ihren Raum mit robustem und elegantem Material, perfekt f\u00fcr jedes Wetter. Bestellen Sie noch heute!","og_url":"https:\/\/cambiodelona.com\/de\/komplette-transformation-in-barcelona\ud83c\udf1f\ud83c\udfd9\ufe0f\/","og_site_name":"Cambiodelona","article_publisher":"https:\/\/www.facebook.com\/cambiodelona.web","article_published_time":"2024-10-30T11:14:14+00:00","article_modified_time":"2025-03-15T16:39:10+00:00","og_image":[{"width":1080,"height":1080,"url":"https:\/\/cambiodelona.com\/wp-content\/uploads\/2024\/10\/462070154_122185277162085040_277180399642461823_n.jpg","type":"image\/jpeg"}],"author":"Vanessa Rodriguez","twitter_card":"summary_large_image","twitter_misc":{"Verfasst von":"Vanessa Rodriguez","Gesch\u00e4tzte Lesezeit":"2\u00a0Minuten"},"schema":{"@context":"https:\/\/schema.org","@graph":[{"@type":"Article","@id":"https:\/\/cambiodelona.com\/de\/komplette-transformation-in-barcelona%f0%9f%8c%9f%f0%9f%8f%99%ef%b8%8f\/#article","isPartOf":{"@id":"https:\/\/cambiodelona.com\/de\/komplette-transformation-in-barcelona%f0%9f%8c%9f%f0%9f%8f%99%ef%b8%8f\/"},"author":{"name":"Vanessa Rodriguez","@id":"https:\/\/cambiodelona.com\/#\/schema\/person\/bbc6d2fa16f926fd9ddb1cb331f4a5ba"},"headline":"Komplette Transformation in Barcelona!\ud83c\udf1f\ud83c\udfd9\ufe0f","datePublished":"2024-10-30T11:14:14+00:00","dateModified":"2025-03-15T16:39:10+00:00","mainEntityOfPage":{"@id":"https:\/\/cambiodelona.com\/de\/komplette-transformation-in-barcelona%f0%9f%8c%9f%f0%9f%8f%99%ef%b8%8f\/"},"wordCount":323,"publisher":{"@id":"https:\/\/cambiodelona.com\/#organization"},"articleSection":["Blog"],"inLanguage":"de"},{"@type":"WebPage","@id":"https:\/\/cambiodelona.com\/de\/komplette-transformation-in-barcelona%f0%9f%8c%9f%f0%9f%8f%99%ef%b8%8f\/","url":"https:\/\/cambiodelona.com\/de\/komplette-transformation-in-barcelona%f0%9f%8c%9f%f0%9f%8f%99%ef%b8%8f\/","name":"Komplette Transformation in Barcelona!\ud83c\udf1f\ud83c\udfd9\ufe0f","isPartOf":{"@id":"https:\/\/cambiodelona.com\/#website"},"datePublished":"2024-10-30T11:14:14+00:00","dateModified":"2025-03-15T16:39:10+00:00","description":"AcrylMarkisenstoff in Barcelona. Versch\u00f6nern Sie Ihren Raum mit robustem und elegantem Material, perfekt f\u00fcr jedes Wetter. Bestellen Sie noch heute!","breadcrumb":{"@id":"https:\/\/cambiodelona.com\/de\/komplette-transformation-in-barcelona%f0%9f%8c%9f%f0%9f%8f%99%ef%b8%8f\/#breadcrumb"},"inLanguage":"de","potentialAction":[{"@type":"ReadAction","target":["https:\/\/cambiodelona.com\/de\/komplette-transformation-in-barcelona%f0%9f%8c%9f%f0%9f%8f%99%ef%b8%8f\/"]}]},{"@type":"BreadcrumbList","@id":"https:\/\/cambiodelona.com\/de\/komplette-transformation-in-barcelona%f0%9f%8c%9f%f0%9f%8f%99%ef%b8%8f\/#breadcrumb","itemListElement":[{"@type":"ListItem","position":1,"name":"Portada","item":"https:\/\/cambiodelona.com\/"},{"@type":"ListItem","position":2,"name":"Komplette Transformation in Barcelona!\ud83c\udf1f\ud83c\udfd9\ufe0f"}]},{"@type":"WebSite","@id":"https:\/\/cambiodelona.com\/#website","url":"https:\/\/cambiodelona.com\/","name":"Cambiodelona.com","description":"Nuevo portal especializado en la venta en l\u00ednea de productos confeccionados a medida para todo tipo de sistemas de protecci\u00f3n solar","publisher":{"@id":"https:\/\/cambiodelona.com\/#organization"},"alternateName":"Cambio de lona","potentialAction":[{"@type":"SearchAction","target":{"@type":"EntryPoint","urlTemplate":"https:\/\/cambiodelona.com\/?s={search_term_string}"},"query-input":"required name=search_term_string"}],"inLanguage":"de"},{"@type":"Organization","@id":"https:\/\/cambiodelona.com\/#organization","name":"Cambio de lona S. L.","url":"https:\/\/cambiodelona.com\/","logo":{"@type":"ImageObject","inLanguage":"de","@id":"https:\/\/cambiodelona.com\/#\/schema\/logo\/image\/","url":"https:\/\/cambiodelona.com\/wp-content\/uploads\/2024\/09\/cambiodelona-logo.png","contentUrl":"https:\/\/cambiodelona.com\/wp-content\/uploads\/2024\/09\/cambiodelona-logo.png","width":800,"height":439,"caption":"Cambio de lona S. L."},"image":{"@id":"https:\/\/cambiodelona.com\/#\/schema\/logo\/image\/"},"sameAs":["https:\/\/www.facebook.com\/cambiodelona.web","https:\/\/www.instagram.com\/cambiodelona\/"]},{"@type":"Person","@id":"https:\/\/cambiodelona.com\/#\/schema\/person\/bbc6d2fa16f926fd9ddb1cb331f4a5ba","name":"Vanessa Rodriguez","image":{"@type":"ImageObject","inLanguage":"de","@id":"https:\/\/cambiodelona.com\/#\/schema\/person\/image\/","url":"https:\/\/secure.gravatar.com\/avatar\/d454e3dbe4c965f86affde2f44fa9850?s=96&d=mm&r=g","contentUrl":"https:\/\/secure.gravatar.com\/avatar\/d454e3dbe4c965f86affde2f44fa9850?s=96&d=mm&r=g","caption":"Vanessa Rodriguez"},"url":"https:\/\/cambiodelona.com\/de\/author\/vanessa\/"}]}},"_links":{"self":[{"href":"https:\/\/cambiodelona.com\/de\/wp-json\/wp\/v2\/posts\/21672","targetHints":{"allow":["GET"]}}],"collection":[{"href":"https:\/\/cambiodelona.com\/de\/wp-json\/wp\/v2\/posts"}],"about":[{"href":"https:\/\/cambiodelona.com\/de\/wp-json\/wp\/v2\/types\/post"}],"author":[{"embeddable":true,"href":"https:\/\/cambiodelona.com\/de\/wp-json\/wp\/v2\/users\/2"}],"replies":[{"embeddable":true,"href":"https:\/\/cambiodelona.com\/de\/wp-json\/wp\/v2\/comments?post=21672"}],"version-history":[{"count":1,"href":"https:\/\/cambiodelona.com\/de\/wp-json\/wp\/v2\/posts\/21672\/revisions"}],"predecessor-version":[{"id":21673,"href":"https:\/\/cambiodelona.com\/de\/wp-json\/wp\/v2\/posts\/21672\/revisions\/21673"}],"wp:featuredmedia":[{"embeddable":true,"href":"https:\/\/cambiodelona.com\/de\/wp-json\/wp\/v2\/media\/20584"}],"wp:attachment":[{"href":"https:\/\/cambiodelona.com\/de\/wp-json\/wp\/v2\/media?parent=21672"}],"wp:term":[{"taxonomy":"category","embeddable":true,"href":"https:\/\/cambiodelona.com\/de\/wp-json\/wp\/v2\/categories?post=21672"},{"taxonomy":"post_tag","embeddable":true,"href":"https:\/\/cambiodelona.com\/de\/wp-json\/wp\/v2\/tags?post=21672"}],"curies":[{"name":"wp","href":"https:\/\/api.w.org\/{rel}","templated":true}]}}