{"id":15563,"date":"2024-02-25T20:28:34","date_gmt":"2024-02-25T18:28:34","guid":{"rendered":"https:\/\/cambiodelona.com\/?p=15563"},"modified":"2025-11-03T12:23:27","modified_gmt":"2025-11-03T10:23:27","slug":"toile-de-store-sauleda-2141-maiz","status":"publish","type":"post","link":"https:\/\/cambiodelona.com\/fr\/toile-de-store-sauleda-2141-maiz\/","title":{"rendered":"Toile de store Sauleda 2141 Maiz"},"content":{"rendered":"\t\t<div data-elementor-type=\"wp-post\" data-elementor-id=\"15563\" class=\"elementor elementor-15563 elementor-15546\">\n\t\t\t\t\t\t<section class=\"elementor-section elementor-top-section elementor-element elementor-element-c9539e7 elementor-section-boxed elementor-section-height-default elementor-section-height-default\" data-id=\"c9539e7\" data-element_type=\"section\" data-e-type=\"section\">\n\t\t\t\t\t\t<div class=\"elementor-container elementor-column-gap-default\">\n\t\t\t\t\t<div class=\"elementor-column elementor-col-100 elementor-top-column elementor-element elementor-element-7895d438\" data-id=\"7895d438\" data-element_type=\"column\" data-e-type=\"column\">\n\t\t\t<div class=\"elementor-widget-wrap elementor-element-populated\">\n\t\t\t\t\t\t<div class=\"elementor-element elementor-element-4f9d43ad elementor-widget elementor-widget-text-editor\" data-id=\"4f9d43ad\" data-element_type=\"widget\" data-e-type=\"widget\" data-widget_type=\"text-editor.default\">\n\t\t\t\t<div class=\"elementor-widget-container\">\n\t\t\t\t\t\t\t\t\t<h1 id=\"h-lona-para-toldo-sauleda-2926-natural\" class=\"wp-block-heading\">Toile de store Sauleda 2141 Maiz<\/h1><p class=\"text-body font-regular text-gray-800 leading-[24px] pt-[9px] pb-[2px]\" dir=\"ltr\">La couleur ma\u00efs est une couleur qui fait r\u00e9f\u00e9rence \u00e0 la teinte autoris\u00e9e par le champ de lumi\u00e8re. Repr\u00e9sentant certaines couleurs du spectre visible par l&rsquo;\u0153il humain, il se r\u00e9f\u00e8re en particulier au jaune vif des grains de ma\u00efs frais.<\/p><p class=\"text-body font-regular text-gray-800 leading-[24px] pt-[9px] pb-[2px]\" dir=\"ltr\">Cette couleur repr\u00e9sente un jaune doux et vibrant, avec des tons chauds et lumineux qui \u00e9voquent des sensations de lumi\u00e8re et d&rsquo;\u00e9nergie. La teinte du ma\u00efs peut varier l\u00e9g\u00e8rement en fonction de la source de lumi\u00e8re et des ombres pr\u00e9sentes, mais en g\u00e9n\u00e9ral, elle se situe dans la gamme du jaune clair.<\/p><p class=\"text-body font-regular text-gray-800 leading-[24px] pt-[9px] pb-[2px]\" dir=\"ltr\">Outre sa signification litt\u00e9rale, la couleur ma\u00efs peut \u00e9galement avoir des connotations symboliques dans diff\u00e9rentes cultures. Dans certaines parties du monde, cette couleur est associ\u00e9e \u00e0 la prosp\u00e9rit\u00e9 et \u00e0 l&rsquo;abondance en raison de son lien avec la culture du ma\u00efs en tant que source importante de nourriture.<\/p><p class=\"text-body font-regular text-gray-800 leading-[24px] pt-[9px] pb-[2px]\" dir=\"ltr\">En termes de design et de mode, la couleur ma\u00efs est consid\u00e9r\u00e9e comme une option polyvalente et attrayante, car elle peut \u00eatre utilis\u00e9e aussi bien dans des environnements rustiques et naturels que dans des espaces modernes et \u00e9l\u00e9gants. Il est \u00e9galement courant de voir cette couleur dans les v\u00eatements, notamment au printemps et en \u00e9t\u00e9.<\/p><p class=\"text-body font-regular text-gray-800 leading-[24px] pt-[9px] pb-[2px]\" dir=\"ltr\">Si vous recherchez une couleur qui transmet de la joie, de l&rsquo;\u00e9nergie et de la vitalit\u00e9, la couleur ma\u00efs est sans aucun doute une excellente option. C&rsquo;est un ton polyvalent qui peut s&rsquo;adapter \u00e0 diff\u00e9rents styles et environnements, ce qui en fait une option id\u00e9ale pour les projets de design, que ce soit \u00e0 l&rsquo;int\u00e9rieur ou \u00e0 l&rsquo;ext\u00e9rieur.<\/p><p class=\"text-body font-regular text-gray-800 leading-[24px] pt-[9px] pb-[2px]\" dir=\"ltr\"><img decoding=\"async\" class=\"wp-image-400 size-full aligncenter\" style=\"width: 719px; height: auto;\" src=\"https:\/\/cambiodelona.com\/wp-content\/uploads\/2023\/04\/2022-CARAMEL-r.jpg\" alt=\"marron brown braun\" width=\"185\" height=\"104\" \/><\/p><h2>\u00a0<\/h2><h2 id=\"h-solar-pro-proteccion-solar-de-calidad\" class=\"wp-block-heading\"><strong>Solar Pro : Protection solaire de qualit\u00e9<\/strong><\/h2><p>La toile de store Sauleda 2141 Maiz fait partie de la gamme <a href=\"https:\/\/www.sauleda.com\/workspace\/uploads\/pdf\/pocket_ng_web_020120-es-1578054403.pdf\">Solar Pro de Sauleda<\/a>.<br \/>Solar Pro est la solution id\u00e9ale pour assurer une protection solaire optimale tout en ajoutant une touche de design \u00e0 votre espace ext\u00e9rieur. Fabriqu\u00e9 \u00e0 partir de tissus acryliques teint\u00e9s dans la masse, il offre une solidit\u00e9 des couleurs et une r\u00e9sistance aux UV exceptionnelles.<\/p><p>L&rsquo;un des avantages du tissu Solar Pro est sa durabilit\u00e9. Gr\u00e2ce \u00e0 sa teinture en profondeur, le tissu conserve sa couleur d&rsquo;origine et r\u00e9siste aux effets n\u00e9fastes des intemp\u00e9ries au fil du temps. Il est con\u00e7u pour une longue dur\u00e9e de vie, assurant une protection solide et fiable.<\/p><p>Avec plus de 120 couleurs unies disponibles, le tissu Solar Pro vous permet de personnaliser votre espace ext\u00e9rieur selon vos go\u00fbts et besoins. Que vous recherchiez des couleurs vives et modernes ou des tons plus discrets, vous trouverez certainement l&rsquo;option qui correspond \u00e0 votre style.<\/p><p>Le tissu Solar Pro ne se limite pas seulement \u00e0 la protection solaire. Il offre \u00e9galement une excellente protection thermique, vous permettant de cr\u00e9er un environnement confortable et agr\u00e9able, m\u00eame pendant les journ\u00e9es les plus chaudes. Il bloque efficacement les rayons UV tout en permettant une transmission de lumi\u00e8re ad\u00e9quate pour un confort visuel optimal.<\/p><p>En choisissant le tissu Solar Pro de la marque Sauleda, vous b\u00e9n\u00e9ficiez de la qualit\u00e9 et de l&rsquo;exp\u00e9rience d&rsquo;une marque reconnue. Sauleda propose la gamme la plus large de tissus pour la protection solaire, garantissant que vous trouverez la solution qui correspond parfaitement \u00e0 vos besoins.<\/p><p>N&rsquo;h\u00e9sitez pas \u00e0 choisir le tissu Solar Pro et profitez d&rsquo;une protection solaire de qualit\u00e9 sup\u00e9rieure, associ\u00e9e \u00e0 un design attrayant et durable. Cr\u00e9ez des espaces ext\u00e9rieurs uniques et inspirants avec les tissus Sauleda.<\/p><h2 class=\"wp-block-heading\"><strong>Caract\u00e9ristiques de la toile de store Sauleda <\/strong>2141 Maiz<\/h2><p class=\"has-medium-font-size\"><strong>Collection<\/strong> : MASACRIL (Acryliques) <strong>Design<\/strong> : Uni<\/p><p class=\"has-medium-font-size\">Masacril\u00ae 100% Acrylique Teint\u00e9 dans la masse<\/p><p class=\"has-medium-font-size\"><strong>Finition<\/strong> : Sauleda Fabric Protect<\/p><p class=\"has-medium-font-size\"><strong>Garantie: <\/strong><a href=\"https:\/\/www.sauleda.com\/workspace\/uploads\/pdf\/es-garantia-solar-pro-es-1421402446.pdf\">10 ans<\/a><\/p><h2 id=\"h-aspecto-tecnico-de-la-lona-para-toldo-sauleda-2926-natural\" class=\"wp-block-heading\"><strong>Aspect technique de la toile de store <strong>Sauleda 2141 Maiz<\/strong><\/strong><\/h2><figure class=\"wp-block-table\"><table><tbody><tr><td><strong><u>Pi\u00e8ce (rouleau):<\/u><\/strong><\/td><td><strong><u>Tissu:<\/u><\/strong><\/td><\/tr><tr><td><strong>Largeur: <\/strong>120 cm.<\/td><td><strong>Poids:<\/strong> 300 gr\/m2<\/td><\/tr><tr><td><strong>Longueur:<\/strong> 60 m.<\/td><td><strong>\u00c9paisseur: <\/strong>0,60 mm<\/td><\/tr><\/tbody><\/table><\/figure><figure class=\"wp-block-table\"><table><tbody><tr><td><strong>Facteur de protection UV<\/strong><\/td><td><strong>Gtot Ext.<\/strong><\/td><td><strong>Gtot Int.<\/strong><\/td><td><strong>GTOT Facteur solaire total<\/strong><\/td><td><strong>Transmission solaire<\/strong><\/td><td><strong>R\u00e9flexion solaire<\/strong><\/td><td><strong>Absorption solaire<\/strong><\/td><td><strong>Confort thermique<\/strong><\/td><td><strong>Transmission de la lumi\u00e8re<\/strong><\/td><td><strong>Confort visuel<\/strong><\/td><\/tr><tr><td><strong>80<\/strong><\/td><td>\u00a0<\/td><td>\u00a0<\/td><td><strong>0,15<\/strong><\/td><td><strong>18,30<\/strong><\/td><td><strong>52,00<\/strong><\/td><td><strong>29,70<\/strong><\/td><td><strong>3<\/strong><\/td><td><strong>14,30<\/strong><\/td><td><strong>4<\/strong><\/td><\/tr><\/tbody><\/table><\/figure><h2 id=\"h-detalle-de-color-de-la-lona-para-toldo-sauleda-2926-natural\" class=\"wp-block-heading\"><strong>D\u00e9tail de la couleur de la toile de store Sauleda 2141 Maiz<\/strong><\/h2><p class=\"has-text-align-center has-large-font-size\"><strong>RAL<\/strong>: 1017 <strong>&#8211;<\/strong> <strong>Pantone<\/strong>: 3596 C <strong>&#8211;<\/strong> <strong>NCS<\/strong>: S 2040-Y20R<\/p><figure class=\"wp-block-image aligncenter size-full is-resized\"><\/figure><figure class=\"wp-block-gallery alignleft has-nested-images columns-default is-cropped\"><\/figure><figure class=\"wp-block-image aligncenter size-full is-resized\"><img fetchpriority=\"high\" decoding=\"async\" class=\"alignnone wp-image-15551 size-medium\" src=\"https:\/\/cambiodelona.com\/wp-content\/uploads\/2024\/02\/ral-1017-300x253.jpg\" alt=\"\" width=\"300\" height=\"253\" srcset=\"https:\/\/cambiodelona.com\/wp-content\/uploads\/2024\/02\/ral-1017-300x253.jpg 300w, https:\/\/cambiodelona.com\/wp-content\/uploads\/2024\/02\/ral-1017.jpg 360w\" sizes=\"(max-width: 300px) 100vw, 300px\" \/><\/figure><figure class=\"wp-block-gallery alignleft has-nested-images columns-default is-cropped\"><\/figure><p>Cette page affiche la couleur RAL <strong>1017<\/strong> avec le nom de couleur Jaune Safran. Cette couleur RAL se trouve dans la cat\u00e9gorie des <a href=\"https:\/\/www.coloresral.com.es\/ral-classic\/tonos-amarillos\">tons jaunes<\/a>, faisant partie du syst\u00e8me de couleur <a href=\"https:\/\/www.coloresral.com.es\/ral-classic\">RAL Classic<\/a>.<\/p><h2 id=\"h-equivalencia-exacta-de-la-lona-para-toldo-sauleda-2926-natural-entre-fabricantes\" class=\"wp-block-heading\"><strong>\u00c9quivalence exacte de la toile de store<strong> Sauleda 2141 Maiz<\/strong><\/strong> <strong>entre fabricants<\/strong><\/h2><figure class=\"wp-block-table\"><table><tbody><tr><td><strong>Sauleda<\/strong><\/td><td><strong>Recasens<\/strong><\/td><td><strong>Dickson<\/strong><\/td><\/tr><tr><td>&#8211;<\/td><td><a href=\"https:\/\/cambiodelona.com\/fr\/toile-de-store-recasens-r149-maiz\/\">R149 Maiz<\/a><\/td><td><a href=\"\/fr\/toile-de-store-orchestra-6318-ble\/\">6318 Bl\u00e9<\/a><\/td><\/tr><\/tbody><\/table><\/figure><h2 id=\"h-similitud-en-otra-gama-y-otro-fabricante-de-la-lona-para-toldo-sauleda-2926-natural\" class=\"wp-block-heading\"><strong>Similitude dans une autre gamme et un autre fabricant de la toile de store Sauleda 2141 Maiz<\/strong><\/h2><figure class=\"wp-block-table\"><table><tbody><tr><td><strong>Solrain Impermeable<\/strong><\/td><td><strong>Tandem<\/strong><\/td><td><strong>Green<\/strong><\/td><td><strong>Max (impermeable)<\/strong><\/td><td><strong>Recacril System<\/strong> <strong>(impermeable)<\/strong><\/td><\/tr><tr><td>&#8211;<\/td><td>&#8211;<\/td><td>&#8211;<\/td><td>&#8211;<\/td><td>&#8211;<\/td><\/tr><\/tbody><\/table><\/figure><h2 id=\"h-confecciones-a-medida\" class=\"wp-block-heading\"><strong>Confection de toile de store sur mesure<\/strong><\/h2><p>Obtenez la toile parfaite avec les mesures exactes dont vous avez besoin. <br \/>Utilisez nos diff\u00e9rents configurateurs simples d&#8217;emploi et nous nous chargeons de la fabrication de votre toile.<\/p><h3 id=\"h-accede-a-los-diferentes-configuradores\" class=\"wp-block-heading has-text-align-center has-x-large-font-size\"><strong>Acc\u00e8s aux diff\u00e9rents configurateurs<\/strong><\/h3><div><div><a href=\"https:\/\/cambiodelona.com\/fr\/producto\/toile-de-store\/\">Toile de store <\/a><\/div><div><a href=\"https:\/\/cambiodelona.com\/fr\/producto\/lambrequin-seul\/\">Lambrequin seul<\/a><\/div><div><a href=\"https:\/\/cambiodelona.com\/fr\/producto\/brise-vue-de-balcon\/\">Brise-vue de Balcon<\/a><\/div><div><a href=\"https:\/\/cambiodelona.com\/fr\/producto\/toile-de-pergola\/\">Toile de pergola<\/a><\/div><\/div><h2>\u00a0<\/h2><h2>\u00a0<\/h2><h2 class=\"wp-block-heading\"><strong>Besoin d&rsquo;aide ? Contactez-nous ! <\/strong><\/h2><p>Nous sommes l\u00e0 pour r\u00e9pondre \u00e0 toutes les questions que vous vous posez sur nos produits.<br \/>Que vous ayez besoin d&rsquo;informations, d&rsquo;un devis ou d&rsquo;une assistance technique, n&rsquo;h\u00e9sitez pas \u00e0 nous contacter.<\/p><p>Nous r\u00e9pondons \u00e0 toutes vos demandes dans les meilleurs d\u00e9lais et vous offrons un service de qualit\u00e9.<\/p><p>Vous pouvez nous appeler au <strong>(0034) 749702482<\/strong> ou nous envoyer un courriel \u00e0 <a href=\"mailto:web@cambiodelona.com\">web@matoiledestore.com<\/a>.<br \/>Vous pouvez \u00e9galement nous trouver sur <strong>WhatsAppo<\/strong> en utilisant notre <strong>chat en ligne<\/strong>.<\/p><h2 class=\"wp-block-heading has-text-align-center\"><strong>(0034) 609825961<\/strong><\/h2><h2 class=\"wp-block-heading has-text-align-center\"><a href=\"mailto:web@cambiodelona.com\">web@matoiledestore.com<\/a><\/h2><figure class=\"wp-block-image aligncenter size-large is-resized\"><img decoding=\"async\" width=\"1024\" height=\"635\" class=\"wp-image-14887\" style=\"width: 590px; height: auto;\" src=\"https:\/\/cambiodelona.com\/wp-content\/uploads\/2023\/11\/Transparente-1024x635.png\" alt=\"\" srcset=\"https:\/\/cambiodelona.com\/wp-content\/uploads\/2023\/11\/Transparente-1024x635.png 1024w, https:\/\/cambiodelona.com\/wp-content\/uploads\/2023\/11\/Transparente-300x186.png 300w, https:\/\/cambiodelona.com\/wp-content\/uploads\/2023\/11\/Transparente-768x476.png 768w, https:\/\/cambiodelona.com\/wp-content\/uploads\/2023\/11\/Transparente-1536x952.png 1536w, https:\/\/cambiodelona.com\/wp-content\/uploads\/2023\/11\/Transparente-2048x1269.png 2048w, https:\/\/cambiodelona.com\/wp-content\/uploads\/2023\/11\/Transparente-600x372.png 600w\" sizes=\"(max-width: 1024px) 100vw, 1024px\" \/><\/figure>\t\t\t\t\t\t\t\t<\/div>\n\t\t\t\t<\/div>\n\t\t\t\t\t<\/div>\n\t\t<\/div>\n\t\t\t\t\t<\/div>\n\t\t<\/section>\n\t\t\t\t<\/div>\n\t\t","protected":false},"excerpt":{"rendered":"<p>Toile de store Sauleda 2141 Maiz<\/p>\n","protected":false},"author":1,"featured_media":462,"comment_status":"closed","ping_status":"closed","sticky":false,"template":"","format":"standard","meta":{"site-sidebar-layout":"default","site-content-layout":"default","ast-global-header-display":"","ast-main-header-display":"","ast-hfb-above-header-display":"","ast-hfb-below-header-display":"","ast-hfb-mobile-header-display":"","site-post-title":"disabled","ast-breadcrumbs-content":"","ast-featured-img":"","footer-sml-layout":"","theme-transparent-header-meta":"","adv-header-id-meta":"","stick-header-meta":"","header-above-stick-meta":"","header-main-stick-meta":"","header-below-stick-meta":"","footnotes":""},"categories":[94,95],"tags":[],"class_list":["post-15563","post","type-post","status-publish","format-standard","has-post-thumbnail","hentry","category-ficha-tecnica","category-fitxa-tecnica"],"yoast_head":"<!-- This site is optimized with the Yoast SEO Premium plugin v21.2 (Yoast SEO v21.2) - https:\/\/yoast.com\/wordpress\/plugins\/seo\/ -->\n<title>Toile de store Sauleda 2141 Maiz<\/title>\n<meta name=\"description\" content=\"Toile de store Sauleda 2141 Maiz. Aspect technique, d\u00e9tails des couleurs, \u00e9quivalence exacte entre les fabricants ou similitudes. Explorez !\" \/>\n<meta name=\"robots\" content=\"index, follow, max-snippet:-1, max-image-preview:large, max-video-preview:-1\" \/>\n<link rel=\"canonical\" href=\"https:\/\/cambiodelona.com\/ca\/lona-per-a-tendal-sauleda-2141-maiz\/\" \/>\n<meta property=\"og:locale\" content=\"fr_FR\" \/>\n<meta property=\"og:type\" content=\"article\" \/>\n<meta property=\"og:title\" content=\"Toile de store Sauleda 2141 Maiz\" \/>\n<meta property=\"og:description\" content=\"Toile de store Sauleda 2141 Maiz. Aspect technique, d\u00e9tails des couleurs, \u00e9quivalence exacte entre les fabricants ou similitudes. Explorez !\" \/>\n<meta property=\"og:url\" content=\"https:\/\/cambiodelona.com\/ca\/lona-per-a-tendal-sauleda-2141-maiz\/\" \/>\n<meta property=\"og:site_name\" content=\"Cambiodelona\" \/>\n<meta property=\"article:publisher\" content=\"https:\/\/www.facebook.com\/cambiodelona.web\" \/>\n<meta property=\"article:published_time\" content=\"2024-02-25T18:28:34+00:00\" \/>\n<meta property=\"article:modified_time\" content=\"2025-11-03T10:23:27+00:00\" \/>\n<meta property=\"og:image\" content=\"https:\/\/cambiodelona.com\/wp-content\/uploads\/2023\/04\/2141-maiz.jpg\" \/>\n\t<meta property=\"og:image:width\" content=\"185\" \/>\n\t<meta property=\"og:image:height\" content=\"104\" \/>\n\t<meta property=\"og:image:type\" content=\"image\/jpeg\" \/>\n<meta name=\"author\" content=\"admin\" \/>\n<meta name=\"twitter:card\" content=\"summary_large_image\" \/>\n<meta name=\"twitter:label1\" content=\"\u00c9crit par\" \/>\n\t<meta name=\"twitter:data1\" content=\"admin\" \/>\n\t<meta name=\"twitter:label2\" content=\"Dur\u00e9e de lecture estim\u00e9e\" \/>\n\t<meta name=\"twitter:data2\" content=\"6 minutes\" \/>\n<script type=\"application\/ld+json\" class=\"yoast-schema-graph\">{\"@context\":\"https:\/\/schema.org\",\"@graph\":[{\"@type\":\"Article\",\"@id\":\"https:\/\/cambiodelona.com\/ca\/lona-per-a-tendal-sauleda-2141-maiz\/#article\",\"isPartOf\":{\"@id\":\"https:\/\/cambiodelona.com\/ca\/lona-per-a-tendal-sauleda-2141-maiz\/\"},\"author\":{\"name\":\"admin\",\"@id\":\"https:\/\/cambiodelona.com\/#\/schema\/person\/50a2db2af44e53e57f8cd578dba56b2b\"},\"headline\":\"Toile de store Sauleda 2141 Maiz\",\"datePublished\":\"2024-02-25T18:28:34+00:00\",\"dateModified\":\"2025-11-03T10:23:27+00:00\",\"mainEntityOfPage\":{\"@id\":\"https:\/\/cambiodelona.com\/ca\/lona-per-a-tendal-sauleda-2141-maiz\/\"},\"wordCount\":938,\"publisher\":{\"@id\":\"https:\/\/cambiodelona.com\/#organization\"},\"articleSection\":[\"Ficha t\u00e9cnica\",\"Fitxa t\u00e8cnica\"],\"inLanguage\":\"fr-FR\"},{\"@type\":\"WebPage\",\"@id\":\"https:\/\/cambiodelona.com\/ca\/lona-per-a-tendal-sauleda-2141-maiz\/\",\"url\":\"https:\/\/cambiodelona.com\/ca\/lona-per-a-tendal-sauleda-2141-maiz\/\",\"name\":\"Toile de store Sauleda 2141 Maiz\",\"isPartOf\":{\"@id\":\"https:\/\/cambiodelona.com\/#website\"},\"datePublished\":\"2024-02-25T18:28:34+00:00\",\"dateModified\":\"2025-11-03T10:23:27+00:00\",\"description\":\"Toile de store Sauleda 2141 Maiz. Aspect technique, d\u00e9tails des couleurs, \u00e9quivalence exacte entre les fabricants ou similitudes. Explorez !\",\"breadcrumb\":{\"@id\":\"https:\/\/cambiodelona.com\/ca\/lona-per-a-tendal-sauleda-2141-maiz\/#breadcrumb\"},\"inLanguage\":\"fr-FR\",\"potentialAction\":[{\"@type\":\"ReadAction\",\"target\":[\"https:\/\/cambiodelona.com\/ca\/lona-per-a-tendal-sauleda-2141-maiz\/\"]}]},{\"@type\":\"BreadcrumbList\",\"@id\":\"https:\/\/cambiodelona.com\/ca\/lona-per-a-tendal-sauleda-2141-maiz\/#breadcrumb\",\"itemListElement\":[{\"@type\":\"ListItem\",\"position\":1,\"name\":\"Portada\",\"item\":\"https:\/\/cambiodelona.com\/fr\/accueil\/\"},{\"@type\":\"ListItem\",\"position\":2,\"name\":\"Toile de store Sauleda 2141 Maiz\"}]},{\"@type\":\"WebSite\",\"@id\":\"https:\/\/cambiodelona.com\/#website\",\"url\":\"https:\/\/cambiodelona.com\/\",\"name\":\"Cambiodelona.com\",\"description\":\"Nuevo portal especializado en la venta en l\u00ednea de productos confeccionados a medida para todo tipo de sistemas de protecci\u00f3n solar\",\"publisher\":{\"@id\":\"https:\/\/cambiodelona.com\/#organization\"},\"alternateName\":\"Cambio de lona\",\"potentialAction\":[{\"@type\":\"SearchAction\",\"target\":{\"@type\":\"EntryPoint\",\"urlTemplate\":\"https:\/\/cambiodelona.com\/?s={search_term_string}\"},\"query-input\":\"required name=search_term_string\"}],\"inLanguage\":\"fr-FR\"},{\"@type\":\"Organization\",\"@id\":\"https:\/\/cambiodelona.com\/#organization\",\"name\":\"Cambio de lona S. L.\",\"url\":\"https:\/\/cambiodelona.com\/\",\"logo\":{\"@type\":\"ImageObject\",\"inLanguage\":\"fr-FR\",\"@id\":\"https:\/\/cambiodelona.com\/#\/schema\/logo\/image\/\",\"url\":\"https:\/\/cambiodelona.com\/wp-content\/uploads\/2025\/05\/cambiodelona-fr-v2.webp\",\"contentUrl\":\"https:\/\/cambiodelona.com\/wp-content\/uploads\/2025\/05\/cambiodelona-fr-v2.webp\",\"width\":800,\"height\":439,\"caption\":\"Cambio de lona S. L.\"},\"image\":{\"@id\":\"https:\/\/cambiodelona.com\/#\/schema\/logo\/image\/\"},\"sameAs\":[\"https:\/\/www.facebook.com\/cambiodelona.web\",\"https:\/\/www.instagram.com\/cambiodelona\/\"]},{\"@type\":\"Person\",\"@id\":\"https:\/\/cambiodelona.com\/#\/schema\/person\/50a2db2af44e53e57f8cd578dba56b2b\",\"name\":\"admin\",\"image\":{\"@type\":\"ImageObject\",\"inLanguage\":\"fr-FR\",\"@id\":\"https:\/\/cambiodelona.com\/#\/schema\/person\/image\/\",\"url\":\"https:\/\/secure.gravatar.com\/avatar\/393c5803ba9895ff75788a5b7fd5089b?s=96&d=mm&r=g\",\"contentUrl\":\"https:\/\/secure.gravatar.com\/avatar\/393c5803ba9895ff75788a5b7fd5089b?s=96&d=mm&r=g\",\"caption\":\"admin\"},\"sameAs\":[\"https:\/\/toldos.arizonecrm.com\"],\"url\":\"https:\/\/cambiodelona.com\/fr\/author\/sistemas_g91t1ntg\/\"}]}<\/script>\n<!-- \/ Yoast SEO Premium plugin. -->","yoast_head_json":{"title":"Toile de store Sauleda 2141 Maiz","description":"Toile de store Sauleda 2141 Maiz. Aspect technique, d\u00e9tails des couleurs, \u00e9quivalence exacte entre les fabricants ou similitudes. Explorez !","robots":{"index":"index","follow":"follow","max-snippet":"max-snippet:-1","max-image-preview":"max-image-preview:large","max-video-preview":"max-video-preview:-1"},"canonical":"https:\/\/cambiodelona.com\/ca\/lona-per-a-tendal-sauleda-2141-maiz\/","og_locale":"fr_FR","og_type":"article","og_title":"Toile de store Sauleda 2141 Maiz","og_description":"Toile de store Sauleda 2141 Maiz. Aspect technique, d\u00e9tails des couleurs, \u00e9quivalence exacte entre les fabricants ou similitudes. Explorez !","og_url":"https:\/\/cambiodelona.com\/ca\/lona-per-a-tendal-sauleda-2141-maiz\/","og_site_name":"Cambiodelona","article_publisher":"https:\/\/www.facebook.com\/cambiodelona.web","article_published_time":"2024-02-25T18:28:34+00:00","article_modified_time":"2025-11-03T10:23:27+00:00","og_image":[{"width":185,"height":104,"url":"https:\/\/cambiodelona.com\/wp-content\/uploads\/2023\/04\/2141-maiz.jpg","type":"image\/jpeg"}],"author":"admin","twitter_card":"summary_large_image","twitter_misc":{"\u00c9crit par":"admin","Dur\u00e9e de lecture estim\u00e9e":"6 minutes"},"schema":{"@context":"https:\/\/schema.org","@graph":[{"@type":"Article","@id":"https:\/\/cambiodelona.com\/ca\/lona-per-a-tendal-sauleda-2141-maiz\/#article","isPartOf":{"@id":"https:\/\/cambiodelona.com\/ca\/lona-per-a-tendal-sauleda-2141-maiz\/"},"author":{"name":"admin","@id":"https:\/\/cambiodelona.com\/#\/schema\/person\/50a2db2af44e53e57f8cd578dba56b2b"},"headline":"Toile de store Sauleda 2141 Maiz","datePublished":"2024-02-25T18:28:34+00:00","dateModified":"2025-11-03T10:23:27+00:00","mainEntityOfPage":{"@id":"https:\/\/cambiodelona.com\/ca\/lona-per-a-tendal-sauleda-2141-maiz\/"},"wordCount":938,"publisher":{"@id":"https:\/\/cambiodelona.com\/#organization"},"articleSection":["Ficha t\u00e9cnica","Fitxa t\u00e8cnica"],"inLanguage":"fr-FR"},{"@type":"WebPage","@id":"https:\/\/cambiodelona.com\/ca\/lona-per-a-tendal-sauleda-2141-maiz\/","url":"https:\/\/cambiodelona.com\/ca\/lona-per-a-tendal-sauleda-2141-maiz\/","name":"Toile de store Sauleda 2141 Maiz","isPartOf":{"@id":"https:\/\/cambiodelona.com\/#website"},"datePublished":"2024-02-25T18:28:34+00:00","dateModified":"2025-11-03T10:23:27+00:00","description":"Toile de store Sauleda 2141 Maiz. Aspect technique, d\u00e9tails des couleurs, \u00e9quivalence exacte entre les fabricants ou similitudes. Explorez !","breadcrumb":{"@id":"https:\/\/cambiodelona.com\/ca\/lona-per-a-tendal-sauleda-2141-maiz\/#breadcrumb"},"inLanguage":"fr-FR","potentialAction":[{"@type":"ReadAction","target":["https:\/\/cambiodelona.com\/ca\/lona-per-a-tendal-sauleda-2141-maiz\/"]}]},{"@type":"BreadcrumbList","@id":"https:\/\/cambiodelona.com\/ca\/lona-per-a-tendal-sauleda-2141-maiz\/#breadcrumb","itemListElement":[{"@type":"ListItem","position":1,"name":"Portada","item":"https:\/\/cambiodelona.com\/fr\/accueil\/"},{"@type":"ListItem","position":2,"name":"Toile de store Sauleda 2141 Maiz"}]},{"@type":"WebSite","@id":"https:\/\/cambiodelona.com\/#website","url":"https:\/\/cambiodelona.com\/","name":"Cambiodelona.com","description":"Nuevo portal especializado en la venta en l\u00ednea de productos confeccionados a medida para todo tipo de sistemas de protecci\u00f3n solar","publisher":{"@id":"https:\/\/cambiodelona.com\/#organization"},"alternateName":"Cambio de lona","potentialAction":[{"@type":"SearchAction","target":{"@type":"EntryPoint","urlTemplate":"https:\/\/cambiodelona.com\/?s={search_term_string}"},"query-input":"required name=search_term_string"}],"inLanguage":"fr-FR"},{"@type":"Organization","@id":"https:\/\/cambiodelona.com\/#organization","name":"Cambio de lona S. L.","url":"https:\/\/cambiodelona.com\/","logo":{"@type":"ImageObject","inLanguage":"fr-FR","@id":"https:\/\/cambiodelona.com\/#\/schema\/logo\/image\/","url":"https:\/\/cambiodelona.com\/wp-content\/uploads\/2025\/05\/cambiodelona-fr-v2.webp","contentUrl":"https:\/\/cambiodelona.com\/wp-content\/uploads\/2025\/05\/cambiodelona-fr-v2.webp","width":800,"height":439,"caption":"Cambio de lona S. L."},"image":{"@id":"https:\/\/cambiodelona.com\/#\/schema\/logo\/image\/"},"sameAs":["https:\/\/www.facebook.com\/cambiodelona.web","https:\/\/www.instagram.com\/cambiodelona\/"]},{"@type":"Person","@id":"https:\/\/cambiodelona.com\/#\/schema\/person\/50a2db2af44e53e57f8cd578dba56b2b","name":"admin","image":{"@type":"ImageObject","inLanguage":"fr-FR","@id":"https:\/\/cambiodelona.com\/#\/schema\/person\/image\/","url":"https:\/\/secure.gravatar.com\/avatar\/393c5803ba9895ff75788a5b7fd5089b?s=96&d=mm&r=g","contentUrl":"https:\/\/secure.gravatar.com\/avatar\/393c5803ba9895ff75788a5b7fd5089b?s=96&d=mm&r=g","caption":"admin"},"sameAs":["https:\/\/toldos.arizonecrm.com"],"url":"https:\/\/cambiodelona.com\/fr\/author\/sistemas_g91t1ntg\/"}]}},"_links":{"self":[{"href":"https:\/\/cambiodelona.com\/fr\/wp-json\/wp\/v2\/posts\/15563","targetHints":{"allow":["GET"]}}],"collection":[{"href":"https:\/\/cambiodelona.com\/fr\/wp-json\/wp\/v2\/posts"}],"about":[{"href":"https:\/\/cambiodelona.com\/fr\/wp-json\/wp\/v2\/types\/post"}],"author":[{"embeddable":true,"href":"https:\/\/cambiodelona.com\/fr\/wp-json\/wp\/v2\/users\/1"}],"replies":[{"embeddable":true,"href":"https:\/\/cambiodelona.com\/fr\/wp-json\/wp\/v2\/comments?post=15563"}],"version-history":[{"count":8,"href":"https:\/\/cambiodelona.com\/fr\/wp-json\/wp\/v2\/posts\/15563\/revisions"}],"predecessor-version":[{"id":24400,"href":"https:\/\/cambiodelona.com\/fr\/wp-json\/wp\/v2\/posts\/15563\/revisions\/24400"}],"wp:featuredmedia":[{"embeddable":true,"href":"https:\/\/cambiodelona.com\/fr\/wp-json\/wp\/v2\/media\/462"}],"wp:attachment":[{"href":"https:\/\/cambiodelona.com\/fr\/wp-json\/wp\/v2\/media?parent=15563"}],"wp:term":[{"taxonomy":"category","embeddable":true,"href":"https:\/\/cambiodelona.com\/fr\/wp-json\/wp\/v2\/categories?post=15563"},{"taxonomy":"post_tag","embeddable":true,"href":"https:\/\/cambiodelona.com\/fr\/wp-json\/wp\/v2\/tags?post=15563"}],"curies":[{"name":"wp","href":"https:\/\/api.w.org\/{rel}","templated":true}]}}